{"id":17292,"date":"2023-09-09T08:47:14","date_gmt":"2023-09-09T06:47:14","guid":{"rendered":"https:\/\/www.prolocoaltessanovenaria.eu\/sito\/?p=17292"},"modified":"2023-09-09T08:51:39","modified_gmt":"2023-09-09T06:51:39","slug":"presentazione-antologie-a-cura-di-ernesto-chiabotto","status":"publish","type":"post","link":"https:\/\/www.prolocoaltessanovenaria.eu\/sito\/presentazione-antologie-a-cura-di-ernesto-chiabotto\/","title":{"rendered":"Presentazione Antologie a cura di Ernesto Chiabotto"},"content":{"rendered":"\t\t<div data-elementor-type=\"wp-post\" data-elementor-id=\"17292\" class=\"elementor elementor-17292\" data-elementor-post-type=\"post\">\n\t\t\t\t\t\t<section class=\"elementor-section elementor-top-section elementor-element elementor-element-5679926c elementor-section-boxed elementor-section-height-default elementor-section-height-default\" data-id=\"5679926c\" data-element_type=\"section\" data-e-type=\"section\">\n\t\t\t\t\t\t<div class=\"elementor-container elementor-column-gap-default\">\n\t\t\t\t\t<div class=\"elementor-column elementor-col-100 elementor-top-column elementor-element elementor-element-3f7e931f\" data-id=\"3f7e931f\" data-element_type=\"column\" data-e-type=\"column\">\n\t\t\t<div class=\"elementor-widget-wrap elementor-element-populated\">\n\t\t\t\t\t\t<div class=\"elementor-element elementor-element-5f2190b7 elementor-widget-divider--view-line_text elementor-widget-divider--element-align-center elementor-widget elementor-widget-divider\" data-id=\"5f2190b7\" data-element_type=\"widget\" data-e-type=\"widget\" data-widget_type=\"divider.default\">\n\t\t\t\t<div class=\"elementor-widget-container\">\n\t\t\t\t\t\t\t<div class=\"elementor-divider\">\n\t\t\t<span class=\"elementor-divider-separator\">\n\t\t\t\t\t\t\t<span class=\"elementor-divider__text elementor-divider__element\">\n\t\t\t\t9 Settembre 2023\t\t\t\t<\/span>\n\t\t\t\t\t\t<\/span>\n\t\t<\/div>\n\t\t\t\t\t\t<\/div>\n\t\t\t\t<\/div>\n\t\t\t\t\t<\/div>\n\t\t<\/div>\n\t\t\t\t\t<\/div>\n\t\t<\/section>\n\t\t\t\t<section class=\"elementor-section elementor-top-section elementor-element elementor-element-18d15325 elementor-section-boxed elementor-section-height-default elementor-section-height-default\" data-id=\"18d15325\" data-element_type=\"section\" data-e-type=\"section\">\n\t\t\t\t\t\t<div class=\"elementor-container elementor-column-gap-default\">\n\t\t\t\t\t<div class=\"elementor-column elementor-col-50 elementor-top-column elementor-element elementor-element-536ae0c5\" data-id=\"536ae0c5\" data-element_type=\"column\" data-e-type=\"column\">\n\t\t\t<div class=\"elementor-widget-wrap elementor-element-populated\">\n\t\t\t\t\t\t<div class=\"elementor-element elementor-element-612eb1f elementor-widget elementor-widget-text-editor\" data-id=\"612eb1f\" data-element_type=\"widget\" data-e-type=\"widget\" data-widget_type=\"text-editor.default\">\n\t\t\t\t<div class=\"elementor-widget-container\">\n\t\t\t\t\t\t\t\t\t<div class=\"x11i5rnm xat24cr x1mh8g0r x1vvkbs xtlvy1s x126k92a\">\n<div dir=\"auto\">\n<div class=\"xdj266r x11i5rnm xat24cr x1mh8g0r x1vvkbs x126k92a\">\n<div dir=\"auto\">Sabato 9 Settembre ci sar\u00e0 la presentazione con Ernesto Chiabotto per Neos Edizioni.<br \/>Sar\u00e0 possibile conoscere gli autori\u00a0e sapere qualcosa in pi\u00f9 sui loro libri, Vi aspettiamo alla Sala Espositiva Comunale di Via Mensa 34<\/div>\n<\/div>\n<\/div>\n<\/div>\t\t\t\t\t\t\t\t<\/div>\n\t\t\t\t<\/div>\n\t\t\t\t<div class=\"elementor-element elementor-element-23d6608 elementor-hidden-desktop elementor-hidden-tablet elementor-hidden-mobile elementor-widget elementor-widget-gallery\" data-id=\"23d6608\" data-element_type=\"widget\" data-e-type=\"widget\" data-settings=\"{&quot;columns&quot;:3,&quot;aspect_ratio&quot;:&quot;1:1&quot;,&quot;gap&quot;:{&quot;unit&quot;:&quot;px&quot;,&quot;size&quot;:14,&quot;sizes&quot;:[]},&quot;lazyload&quot;:&quot;yes&quot;,&quot;gallery_layout&quot;:&quot;grid&quot;,&quot;columns_tablet&quot;:2,&quot;columns_mobile&quot;:1,&quot;gap_tablet&quot;:{&quot;unit&quot;:&quot;px&quot;,&quot;size&quot;:10,&quot;sizes&quot;:[]},&quot;gap_mobile&quot;:{&quot;unit&quot;:&quot;px&quot;,&quot;size&quot;:10,&quot;sizes&quot;:[]},&quot;link_to&quot;:&quot;file&quot;,&quot;overlay_background&quot;:&quot;yes&quot;,&quot;content_hover_animation&quot;:&quot;fade-in&quot;}\" data-widget_type=\"gallery.default\">\n\t\t\t\t<div class=\"elementor-widget-container\">\n\t\t\t\t\t\t\t<div class=\"elementor-gallery__container\">\n\t\t\t\t\t\t\t<a class=\"e-gallery-item elementor-gallery-item elementor-animated-content\" href=\"https:\/\/www.prolocoaltessanovenaria.eu\/sito\/wp-content\/uploads\/2023\/09\/1.jpg\" data-elementor-open-lightbox=\"yes\" data-elementor-lightbox-slideshow=\"23d6608\" data-elementor-lightbox-title=\"1\" data-e-action-hash=\"#elementor-action%3Aaction%3Dlightbox%26settings%3DeyJpZCI6MTcyNjAsInVybCI6Imh0dHBzOlwvXC93d3cucHJvbG9jb2FsdGVzc2Fub3ZlbmFyaWEuZXVcL3NpdG9cL3dwLWNvbnRlbnRcL3VwbG9hZHNcLzIwMjNcLzA5XC8xLmpwZyIsInNsaWRlc2hvdyI6IjIzZDY2MDgifQ%3D%3D\">\n\t\t\t\t\t<div class=\"e-gallery-image elementor-gallery-item__image\" data-thumbnail=\"https:\/\/www.prolocoaltessanovenaria.eu\/sito\/wp-content\/uploads\/2023\/09\/1-300x225.jpg\" data-width=\"300\" data-height=\"225\" aria-label=\"\" role=\"img\" ><\/div>\n\t\t\t\t\t\t\t\t\t\t\t<div class=\"elementor-gallery-item__overlay\"><\/div>\n\t\t\t\t\t\t\t\t\t\t\t\t\t\t<\/a>\n\t\t\t\t\t\t\t<a class=\"e-gallery-item elementor-gallery-item elementor-animated-content\" href=\"https:\/\/www.prolocoaltessanovenaria.eu\/sito\/wp-content\/uploads\/2023\/09\/2.jpg\" data-elementor-open-lightbox=\"yes\" data-elementor-lightbox-slideshow=\"23d6608\" data-elementor-lightbox-title=\"2\" data-e-action-hash=\"#elementor-action%3Aaction%3Dlightbox%26settings%3DeyJpZCI6MTcyNjEsInVybCI6Imh0dHBzOlwvXC93d3cucHJvbG9jb2FsdGVzc2Fub3ZlbmFyaWEuZXVcL3NpdG9cL3dwLWNvbnRlbnRcL3VwbG9hZHNcLzIwMjNcLzA5XC8yLmpwZyIsInNsaWRlc2hvdyI6IjIzZDY2MDgifQ%3D%3D\">\n\t\t\t\t\t<div class=\"e-gallery-image elementor-gallery-item__image\" data-thumbnail=\"https:\/\/www.prolocoaltessanovenaria.eu\/sito\/wp-content\/uploads\/2023\/09\/2-300x238.jpg\" data-width=\"300\" data-height=\"238\" aria-label=\"\" role=\"img\" ><\/div>\n\t\t\t\t\t\t\t\t\t\t\t<div class=\"elementor-gallery-item__overlay\"><\/div>\n\t\t\t\t\t\t\t\t\t\t\t\t\t\t<\/a>\n\t\t\t\t\t\t\t<a class=\"e-gallery-item elementor-gallery-item elementor-animated-content\" href=\"https:\/\/www.prolocoaltessanovenaria.eu\/sito\/wp-content\/uploads\/2023\/09\/3.jpg\" data-elementor-open-lightbox=\"yes\" data-elementor-lightbox-slideshow=\"23d6608\" data-elementor-lightbox-title=\"3\" data-e-action-hash=\"#elementor-action%3Aaction%3Dlightbox%26settings%3DeyJpZCI6MTcyNjIsInVybCI6Imh0dHBzOlwvXC93d3cucHJvbG9jb2FsdGVzc2Fub3ZlbmFyaWEuZXVcL3NpdG9cL3dwLWNvbnRlbnRcL3VwbG9hZHNcLzIwMjNcLzA5XC8zLmpwZyIsInNsaWRlc2hvdyI6IjIzZDY2MDgifQ%3D%3D\">\n\t\t\t\t\t<div class=\"e-gallery-image elementor-gallery-item__image\" data-thumbnail=\"https:\/\/www.prolocoaltessanovenaria.eu\/sito\/wp-content\/uploads\/2023\/09\/3-300x225.jpg\" data-width=\"300\" data-height=\"225\" aria-label=\"\" role=\"img\" ><\/div>\n\t\t\t\t\t\t\t\t\t\t\t<div class=\"elementor-gallery-item__overlay\"><\/div>\n\t\t\t\t\t\t\t\t\t\t\t\t\t\t<\/a>\n\t\t\t\t\t\t\t<a class=\"e-gallery-item elementor-gallery-item elementor-animated-content\" href=\"https:\/\/www.prolocoaltessanovenaria.eu\/sito\/wp-content\/uploads\/2023\/09\/4.jpg\" data-elementor-open-lightbox=\"yes\" data-elementor-lightbox-slideshow=\"23d6608\" data-elementor-lightbox-title=\"4\" data-e-action-hash=\"#elementor-action%3Aaction%3Dlightbox%26settings%3DeyJpZCI6MTcyNjMsInVybCI6Imh0dHBzOlwvXC93d3cucHJvbG9jb2FsdGVzc2Fub3ZlbmFyaWEuZXVcL3NpdG9cL3dwLWNvbnRlbnRcL3VwbG9hZHNcLzIwMjNcLzA5XC80LmpwZyIsInNsaWRlc2hvdyI6IjIzZDY2MDgifQ%3D%3D\">\n\t\t\t\t\t<div class=\"e-gallery-image elementor-gallery-item__image\" data-thumbnail=\"https:\/\/www.prolocoaltessanovenaria.eu\/sito\/wp-content\/uploads\/2023\/09\/4-300x225.jpg\" data-width=\"300\" data-height=\"225\" aria-label=\"\" role=\"img\" ><\/div>\n\t\t\t\t\t\t\t\t\t\t\t<div class=\"elementor-gallery-item__overlay\"><\/div>\n\t\t\t\t\t\t\t\t\t\t\t\t\t\t<\/a>\n\t\t\t\t\t\t\t<a class=\"e-gallery-item elementor-gallery-item elementor-animated-content\" href=\"https:\/\/www.prolocoaltessanovenaria.eu\/sito\/wp-content\/uploads\/2023\/09\/5.jpg\" data-elementor-open-lightbox=\"yes\" data-elementor-lightbox-slideshow=\"23d6608\" data-elementor-lightbox-title=\"5\" data-e-action-hash=\"#elementor-action%3Aaction%3Dlightbox%26settings%3DeyJpZCI6MTcyNjQsInVybCI6Imh0dHBzOlwvXC93d3cucHJvbG9jb2FsdGVzc2Fub3ZlbmFyaWEuZXVcL3NpdG9cL3dwLWNvbnRlbnRcL3VwbG9hZHNcLzIwMjNcLzA5XC81LmpwZyIsInNsaWRlc2hvdyI6IjIzZDY2MDgifQ%3D%3D\">\n\t\t\t\t\t<div class=\"e-gallery-image elementor-gallery-item__image\" data-thumbnail=\"https:\/\/www.prolocoaltessanovenaria.eu\/sito\/wp-content\/uploads\/2023\/09\/5-300x271.jpg\" data-width=\"300\" data-height=\"271\" aria-label=\"\" role=\"img\" ><\/div>\n\t\t\t\t\t\t\t\t\t\t\t<div class=\"elementor-gallery-item__overlay\"><\/div>\n\t\t\t\t\t\t\t\t\t\t\t\t\t\t<\/a>\n\t\t\t\t\t\t\t<a class=\"e-gallery-item elementor-gallery-item elementor-animated-content\" href=\"https:\/\/www.prolocoaltessanovenaria.eu\/sito\/wp-content\/uploads\/2023\/09\/6.jpg\" data-elementor-open-lightbox=\"yes\" data-elementor-lightbox-slideshow=\"23d6608\" data-elementor-lightbox-title=\"6\" data-e-action-hash=\"#elementor-action%3Aaction%3Dlightbox%26settings%3DeyJpZCI6MTcyNjUsInVybCI6Imh0dHBzOlwvXC93d3cucHJvbG9jb2FsdGVzc2Fub3ZlbmFyaWEuZXVcL3NpdG9cL3dwLWNvbnRlbnRcL3VwbG9hZHNcLzIwMjNcLzA5XC82LmpwZyIsInNsaWRlc2hvdyI6IjIzZDY2MDgifQ%3D%3D\">\n\t\t\t\t\t<div class=\"e-gallery-image elementor-gallery-item__image\" data-thumbnail=\"https:\/\/www.prolocoaltessanovenaria.eu\/sito\/wp-content\/uploads\/2023\/09\/6-300x225.jpg\" data-width=\"300\" data-height=\"225\" aria-label=\"\" role=\"img\" ><\/div>\n\t\t\t\t\t\t\t\t\t\t\t<div class=\"elementor-gallery-item__overlay\"><\/div>\n\t\t\t\t\t\t\t\t\t\t\t\t\t\t<\/a>\n\t\t\t\t\t\t\t<a class=\"e-gallery-item elementor-gallery-item elementor-animated-content\" href=\"https:\/\/www.prolocoaltessanovenaria.eu\/sito\/wp-content\/uploads\/2023\/09\/8.jpg\" data-elementor-open-lightbox=\"yes\" data-elementor-lightbox-slideshow=\"23d6608\" data-elementor-lightbox-title=\"8\" data-e-action-hash=\"#elementor-action%3Aaction%3Dlightbox%26settings%3DeyJpZCI6MTcyNjcsInVybCI6Imh0dHBzOlwvXC93d3cucHJvbG9jb2FsdGVzc2Fub3ZlbmFyaWEuZXVcL3NpdG9cL3dwLWNvbnRlbnRcL3VwbG9hZHNcLzIwMjNcLzA5XC84LmpwZyIsInNsaWRlc2hvdyI6IjIzZDY2MDgifQ%3D%3D\">\n\t\t\t\t\t<div class=\"e-gallery-image elementor-gallery-item__image\" data-thumbnail=\"https:\/\/www.prolocoaltessanovenaria.eu\/sito\/wp-content\/uploads\/2023\/09\/8-300x225.jpg\" data-width=\"300\" data-height=\"225\" aria-label=\"\" role=\"img\" ><\/div>\n\t\t\t\t\t\t\t\t\t\t\t<div class=\"elementor-gallery-item__overlay\"><\/div>\n\t\t\t\t\t\t\t\t\t\t\t\t\t\t<\/a>\n\t\t\t\t\t\t\t<a class=\"e-gallery-item elementor-gallery-item elementor-animated-content\" href=\"https:\/\/www.prolocoaltessanovenaria.eu\/sito\/wp-content\/uploads\/2023\/09\/7.jpg\" data-elementor-open-lightbox=\"yes\" data-elementor-lightbox-slideshow=\"23d6608\" data-elementor-lightbox-title=\"7\" data-e-action-hash=\"#elementor-action%3Aaction%3Dlightbox%26settings%3DeyJpZCI6MTcyNjYsInVybCI6Imh0dHBzOlwvXC93d3cucHJvbG9jb2FsdGVzc2Fub3ZlbmFyaWEuZXVcL3NpdG9cL3dwLWNvbnRlbnRcL3VwbG9hZHNcLzIwMjNcLzA5XC83LmpwZyIsInNsaWRlc2hvdyI6IjIzZDY2MDgifQ%3D%3D\">\n\t\t\t\t\t<div class=\"e-gallery-image elementor-gallery-item__image\" data-thumbnail=\"https:\/\/www.prolocoaltessanovenaria.eu\/sito\/wp-content\/uploads\/2023\/09\/7-300x225.jpg\" data-width=\"300\" data-height=\"225\" aria-label=\"\" role=\"img\" ><\/div>\n\t\t\t\t\t\t\t\t\t\t\t<div class=\"elementor-gallery-item__overlay\"><\/div>\n\t\t\t\t\t\t\t\t\t\t\t\t\t\t<\/a>\n\t\t\t\t\t<\/div>\n\t\t\t\t\t<\/div>\n\t\t\t\t<\/div>\n\t\t\t\t\t<\/div>\n\t\t<\/div>\n\t\t\t\t<div class=\"elementor-column elementor-col-50 elementor-top-column elementor-element elementor-element-2c939f15\" data-id=\"2c939f15\" data-element_type=\"column\" data-e-type=\"column\">\n\t\t\t<div class=\"elementor-widget-wrap elementor-element-populated\">\n\t\t\t\t\t\t<div class=\"elementor-element elementor-element-a46479b elementor-widget elementor-widget-theme-post-featured-image elementor-widget-image\" data-id=\"a46479b\" data-element_type=\"widget\" data-e-type=\"widget\" data-widget_type=\"theme-post-featured-image.default\">\n\t\t\t\t<div class=\"elementor-widget-container\">\n\t\t\t\t\t\t\t\t\t\t\t\t\t\t\t<img fetchpriority=\"high\" decoding=\"async\" width=\"1080\" height=\"1080\" src=\"https:\/\/www.prolocoaltessanovenaria.eu\/sito\/wp-content\/uploads\/2023\/09\/antologie.jpg\" class=\"attachment-full size-full wp-image-17294\" alt=\"\" srcset=\"https:\/\/www.prolocoaltessanovenaria.eu\/sito\/wp-content\/uploads\/2023\/09\/antologie.jpg 1080w, https:\/\/www.prolocoaltessanovenaria.eu\/sito\/wp-content\/uploads\/2023\/09\/antologie-300x300.jpg 300w, https:\/\/www.prolocoaltessanovenaria.eu\/sito\/wp-content\/uploads\/2023\/09\/antologie-1024x1024.jpg 1024w, https:\/\/www.prolocoaltessanovenaria.eu\/sito\/wp-content\/uploads\/2023\/09\/antologie-150x150.jpg 150w, https:\/\/www.prolocoaltessanovenaria.eu\/sito\/wp-content\/uploads\/2023\/09\/antologie-768x768.jpg 768w\" sizes=\"(max-width: 1080px) 100vw, 1080px\" \/>\t\t\t\t\t\t\t\t\t\t\t\t\t\t\t<\/div>\n\t\t\t\t<\/div>\n\t\t\t\t\t<\/div>\n\t\t<\/div>\n\t\t\t\t\t<\/div>\n\t\t<\/section>\n\t\t<div class=\"elementor-element elementor-element-e09fa41 e-flex e-con-boxed e-con e-parent\" data-id=\"e09fa41\" data-element_type=\"container\" data-e-type=\"container\">\n\t\t\t\t\t<div class=\"e-con-inner\">\n\t\t\t\t<div class=\"elementor-element elementor-element-f2a6478 elementor-widget elementor-widget-text-editor\" data-id=\"f2a6478\" data-element_type=\"widget\" data-e-type=\"widget\" data-widget_type=\"text-editor.default\">\n\t\t\t\t<div class=\"elementor-widget-container\">\n\t\t\t\t\t\t\t\t\t<p><b>Qui di seguito una piccola Bio di Ernesto Chiabotto:<\/b><br \/><i>\u00e8 nato nel 1958 e vive a Torino, citt\u00e0 di cui \u00e8 perdutamente innamorato.<br \/>Studi scientifici e laurea in farmacia, scrive da quando era al liceo; da giovane ha collaborato con riviste locali per articoli sportivi e ha partecipato con brevi racconti a concorsi tra cui \u201cDelitto d\u2019autore\u201d e\u00a0<\/i>\u201cParole per scrivere\u201d<i>, ottenendo vari riconoscimenti. Questi racconti sono raccolti in una collezione pubblicata nel 2010.<br \/>I temi affrontati nella sua scrittura sono esaminati da un punto di vista insolito, spesso sorprendente, che cerca sempre di sviluppare con un certo distacco e una buona dose di ironia, in modo tale da rendere la lettura piacevole e divertente.<\/i><br \/><br \/><b><i>Qui di seguito le info riguardanti le due\u00a0antologie:<\/i><\/b><br \/><br \/><b><i>&#8220;Sotto mentite spoglie&#8221;<br \/>Con i suoi diciannove racconti neri, ci immerge fin dal titolo nel regno dell&#8217;inganno, del nascondimento, della dissimulazione e, di conseguenza, del disvelamento; e riserva ai lettori enigmi dalle soluzioni pi\u00f9 varie e imprevedibili, assolutorie o inquietanti che siano. Ma sempre e comunque, nulla sar\u00e0 come sembrava.<\/i><\/b><br \/><br \/><i><br \/><\/i><br \/><b>\u201cSotto (la) pelle\u201d\u00a0<br \/><i>Diciassette racconti pieni di suspense ambientati in Piemonte, fra delitti e fughe, eredit\u00e0 e tormenti: protagonista la pelle, declinata in molte oscure maniere, limite e confine fra un esterno e un interno che possono riservare inquietanti sorprese.<\/i><\/b><\/p>\t\t\t\t\t\t\t\t<\/div>\n\t\t\t\t<\/div>\n\t\t\t\t\t<\/div>\n\t\t\t\t<\/div>\n\t\t\t\t<section class=\"elementor-section elementor-top-section elementor-element elementor-element-72775b42 elementor-section-boxed elementor-section-height-default elementor-section-height-default\" data-id=\"72775b42\" data-element_type=\"section\" data-e-type=\"section\">\n\t\t\t\t\t\t<div class=\"elementor-container elementor-column-gap-default\">\n\t\t\t\t\t<div class=\"elementor-column elementor-col-100 elementor-top-column elementor-element elementor-element-17804146\" data-id=\"17804146\" data-element_type=\"column\" data-e-type=\"column\">\n\t\t\t<div class=\"elementor-widget-wrap elementor-element-populated\">\n\t\t\t\t\t\t<div class=\"elementor-element elementor-element-112fefac elementor-widget elementor-widget-spacer\" data-id=\"112fefac\" data-element_type=\"widget\" data-e-type=\"widget\" data-widget_type=\"spacer.default\">\n\t\t\t\t<div class=\"elementor-widget-container\">\n\t\t\t\t\t\t\t<div class=\"elementor-spacer\">\n\t\t\t<div class=\"elementor-spacer-inner\"><\/div>\n\t\t<\/div>\n\t\t\t\t\t\t<\/div>\n\t\t\t\t<\/div>\n\t\t\t\t\t<\/div>\n\t\t<\/div>\n\t\t\t\t\t<\/div>\n\t\t<\/section>\n\t\t\t\t<section class=\"elementor-section elementor-top-section elementor-element elementor-element-a958e9c elementor-hidden-desktop elementor-hidden-tablet elementor-hidden-mobile elementor-section-boxed elementor-section-height-default elementor-section-height-default\" data-id=\"a958e9c\" data-element_type=\"section\" data-e-type=\"section\">\n\t\t\t\t\t\t<div class=\"elementor-container elementor-column-gap-default\">\n\t\t\t\t\t<div class=\"elementor-column elementor-col-100 elementor-top-column elementor-element elementor-element-710d9030\" data-id=\"710d9030\" data-element_type=\"column\" data-e-type=\"column\">\n\t\t\t<div class=\"elementor-widget-wrap elementor-element-populated\">\n\t\t\t\t\t\t<div class=\"elementor-element elementor-element-5a534fcc elementor-cta--skin-classic elementor-animated-content elementor-bg-transform elementor-bg-transform-zoom-in elementor-widget elementor-widget-call-to-action\" data-id=\"5a534fcc\" data-element_type=\"widget\" data-e-type=\"widget\" data-widget_type=\"call-to-action.default\">\n\t\t\t\t<div class=\"elementor-widget-container\">\n\t\t\t\t\t\t\t<a class=\"elementor-cta\" href=\"https:\/\/fb.watch\/lC24SoDJRh\/\" target=\"_blank\">\n\t\t\t\t\t<div class=\"elementor-cta__bg-wrapper\">\n\t\t\t\t<div class=\"elementor-cta__bg elementor-bg\" style=\"background-image: url(https:\/\/www.prolocoaltessanovenaria.eu\/sito\/wp-content\/uploads\/2023\/03\/film-ga53e467bf_1280-1024x724.jpg);\" role=\"img\" aria-label=\"film-ga53e467bf_1280\"><\/div>\n\t\t\t\t<div class=\"elementor-cta__bg-overlay\"><\/div>\n\t\t\t<\/div>\n\t\t\t\t\t\t\t<div class=\"elementor-cta__content\">\n\t\t\t\t\n\t\t\t\t\t\t\t\t\t<h2 class=\"elementor-cta__title elementor-cta__content-item elementor-content-item\">\n\t\t\t\t\t\tIntervista a \ud835\udc02\ud835\udc1a\ud835\udc2d\ud835\udc1e\ud835\udc2b\ud835\udc22\ud835\udc27\ud835\udc1a \ud835\udc0f\ud835\udc22\ud835\udc28\ud835\udc25\ud835\udc1e\ud835\udc2d\ud835\udc2d\ud835\udc22 e \ud835\udc03\ud835\udc1e\ud835\udc2c\ud835\udc22\ud835\udc2b\u00e8\ud835\udc1e \ud835\udc02\ud835\udc1a\ud835\udc2d\ud835\udc1e\ud835\udc27\ud835\udc1a\t\t\t\t\t<\/h2>\n\t\t\t\t\n\t\t\t\t\t\t\t\t\t<div class=\"elementor-cta__description elementor-cta__content-item elementor-content-item\">\n\t\t\t\t\t\t\ud83d\udfe0 Due giovani pittrici,\ndue mondi apparentemente distinti e distanti vengono artisticamente legati per riportare l'uomo al suo stato ancestrale, al legame primordiale con la terra.\nSulle Vie dell'Arte parliamo del Sogno ed il Selvatico, la Mostra di \ud835\udc02\ud835\udc1a\ud835\udc2d\ud835\udc1e\ud835\udc2b\ud835\udc22\ud835\udc27\ud835\udc1a \ud835\udc0f\ud835\udc22\ud835\udc28\ud835\udc25\ud835\udc1e\ud835\udc2d\ud835\udc2d\ud835\udc22 e \ud835\udc03\ud835\udc1e\ud835\udc2c\ud835\udc22\ud835\udc2b\u00e8\ud835\udc1e \ud835\udc02\ud835\udc1a\ud835\udc2d\ud835\udc1e\ud835\udc27\ud835\udc1a.\t\t\t\t\t<\/div>\n\t\t\t\t\n\t\t\t\t\t\t\t\t\t<div class=\"elementor-cta__button-wrapper elementor-cta__content-item elementor-content-item \">\n\t\t\t\t\t<span class=\"elementor-cta__button elementor-button elementor-size-\">\n\t\t\t\t\t\tGuarda il video su Facebook\t\t\t\t\t<\/span>\n\t\t\t\t\t<\/div>\n\t\t\t\t\t\t\t<\/div>\n\t\t\t\t\t\t\t<div class=\"elementor-ribbon\">\n\t\t\t\t<div class=\"elementor-ribbon-inner\">\n\t\t\t\t\tvideo\t\t\t\t<\/div>\n\t\t\t<\/div>\n\t\t\t\t<\/a>\n\t\t\t\t\t\t<\/div>\n\t\t\t\t<\/div>\n\t\t\t\t\t<\/div>\n\t\t<\/div>\n\t\t\t\t\t<\/div>\n\t\t<\/section>\n\t\t\t\t<section class=\"elementor-section elementor-top-section elementor-element elementor-element-1f6e3b4a elementor-section-boxed elementor-section-height-default elementor-section-height-default\" data-id=\"1f6e3b4a\" data-element_type=\"section\" data-e-type=\"section\">\n\t\t\t\t\t\t<div class=\"elementor-container elementor-column-gap-default\">\n\t\t\t\t\t<div class=\"elementor-column elementor-col-100 elementor-top-column elementor-element elementor-element-228d1b4f\" data-id=\"228d1b4f\" data-element_type=\"column\" data-e-type=\"column\">\n\t\t\t<div class=\"elementor-widget-wrap elementor-element-populated\">\n\t\t\t\t\t\t<div class=\"elementor-element elementor-element-1e9f820f elementor-widget-divider--view-line_text elementor-widget-divider--element-align-center elementor-widget elementor-widget-divider\" data-id=\"1e9f820f\" data-element_type=\"widget\" data-e-type=\"widget\" data-widget_type=\"divider.default\">\n\t\t\t\t<div class=\"elementor-widget-container\">\n\t\t\t\t\t\t\t<div class=\"elementor-divider\">\n\t\t\t<span class=\"elementor-divider-separator\">\n\t\t\t\t\t\t\t<span class=\"elementor-divider__text elementor-divider__element\">\n\t\t\t\tGallery\t\t\t\t<\/span>\n\t\t\t\t\t\t<\/span>\n\t\t<\/div>\n\t\t\t\t\t\t<\/div>\n\t\t\t\t<\/div>\n\t\t\t\t\t<\/div>\n\t\t<\/div>\n\t\t\t\t\t<\/div>\n\t\t<\/section>\n\t\t<div class=\"elementor-element elementor-element-956b067 e-flex e-con-boxed e-con e-parent\" data-id=\"956b067\" data-element_type=\"container\" data-e-type=\"container\">\n\t\t\t\t\t<div class=\"e-con-inner\">\n\t\t\t\t<div class=\"elementor-element elementor-element-297daf8 elementor-hidden-desktop elementor-hidden-tablet elementor-hidden-mobile elementor-widget elementor-widget-gallery\" data-id=\"297daf8\" data-element_type=\"widget\" data-e-type=\"widget\" data-settings=\"{&quot;columns&quot;:3,&quot;aspect_ratio&quot;:&quot;1:1&quot;,&quot;lazyload&quot;:&quot;yes&quot;,&quot;gallery_layout&quot;:&quot;grid&quot;,&quot;columns_tablet&quot;:2,&quot;columns_mobile&quot;:1,&quot;gap&quot;:{&quot;unit&quot;:&quot;px&quot;,&quot;size&quot;:10,&quot;sizes&quot;:[]},&quot;gap_tablet&quot;:{&quot;unit&quot;:&quot;px&quot;,&quot;size&quot;:10,&quot;sizes&quot;:[]},&quot;gap_mobile&quot;:{&quot;unit&quot;:&quot;px&quot;,&quot;size&quot;:10,&quot;sizes&quot;:[]},&quot;link_to&quot;:&quot;file&quot;,&quot;overlay_background&quot;:&quot;yes&quot;,&quot;content_hover_animation&quot;:&quot;fade-in&quot;}\" data-widget_type=\"gallery.default\">\n\t\t\t\t<div class=\"elementor-widget-container\">\n\t\t\t\t\t\t\t<div class=\"elementor-gallery__container\">\n\t\t\t\t\t\t\t<a class=\"e-gallery-item elementor-gallery-item elementor-animated-content\" href=\"https:\/\/www.prolocoaltessanovenaria.eu\/sito\/wp-content\/uploads\/2023\/09\/IMG20230903112919.jpg\" data-elementor-open-lightbox=\"yes\" data-elementor-lightbox-slideshow=\"297daf8\" data-elementor-lightbox-title=\"IMG20230903112919\" data-e-action-hash=\"#elementor-action%3Aaction%3Dlightbox%26settings%3DeyJpZCI6MTcyMzYsInVybCI6Imh0dHBzOlwvXC93d3cucHJvbG9jb2FsdGVzc2Fub3ZlbmFyaWEuZXVcL3NpdG9cL3dwLWNvbnRlbnRcL3VwbG9hZHNcLzIwMjNcLzA5XC9JTUcyMDIzMDkwMzExMjkxOS5qcGciLCJzbGlkZXNob3ciOiIyOTdkYWY4In0%3D\">\n\t\t\t\t\t<div class=\"e-gallery-image elementor-gallery-item__image\" data-thumbnail=\"https:\/\/www.prolocoaltessanovenaria.eu\/sito\/wp-content\/uploads\/2023\/09\/IMG20230903112919-300x225.jpg\" data-width=\"300\" data-height=\"225\" aria-label=\"\" role=\"img\" ><\/div>\n\t\t\t\t\t\t\t\t\t\t\t<div class=\"elementor-gallery-item__overlay\"><\/div>\n\t\t\t\t\t\t\t\t\t\t\t\t\t\t<\/a>\n\t\t\t\t\t\t\t<a class=\"e-gallery-item elementor-gallery-item elementor-animated-content\" href=\"https:\/\/www.prolocoaltessanovenaria.eu\/sito\/wp-content\/uploads\/2023\/09\/IMG20230903112925.jpg\" data-elementor-open-lightbox=\"yes\" data-elementor-lightbox-slideshow=\"297daf8\" data-elementor-lightbox-title=\"IMG20230903112925\" data-e-action-hash=\"#elementor-action%3Aaction%3Dlightbox%26settings%3DeyJpZCI6MTcyMzcsInVybCI6Imh0dHBzOlwvXC93d3cucHJvbG9jb2FsdGVzc2Fub3ZlbmFyaWEuZXVcL3NpdG9cL3dwLWNvbnRlbnRcL3VwbG9hZHNcLzIwMjNcLzA5XC9JTUcyMDIzMDkwMzExMjkyNS5qcGciLCJzbGlkZXNob3ciOiIyOTdkYWY4In0%3D\">\n\t\t\t\t\t<div class=\"e-gallery-image elementor-gallery-item__image\" data-thumbnail=\"https:\/\/www.prolocoaltessanovenaria.eu\/sito\/wp-content\/uploads\/2023\/09\/IMG20230903112925-225x300.jpg\" data-width=\"225\" data-height=\"300\" aria-label=\"\" role=\"img\" ><\/div>\n\t\t\t\t\t\t\t\t\t\t\t<div class=\"elementor-gallery-item__overlay\"><\/div>\n\t\t\t\t\t\t\t\t\t\t\t\t\t\t<\/a>\n\t\t\t\t\t\t\t<a class=\"e-gallery-item elementor-gallery-item elementor-animated-content\" href=\"https:\/\/www.prolocoaltessanovenaria.eu\/sito\/wp-content\/uploads\/2023\/09\/IMG20230903112934.jpg\" data-elementor-open-lightbox=\"yes\" data-elementor-lightbox-slideshow=\"297daf8\" data-elementor-lightbox-title=\"IMG20230903112934\" data-e-action-hash=\"#elementor-action%3Aaction%3Dlightbox%26settings%3DeyJpZCI6MTcyMzgsInVybCI6Imh0dHBzOlwvXC93d3cucHJvbG9jb2FsdGVzc2Fub3ZlbmFyaWEuZXVcL3NpdG9cL3dwLWNvbnRlbnRcL3VwbG9hZHNcLzIwMjNcLzA5XC9JTUcyMDIzMDkwMzExMjkzNC5qcGciLCJzbGlkZXNob3ciOiIyOTdkYWY4In0%3D\">\n\t\t\t\t\t<div class=\"e-gallery-image elementor-gallery-item__image\" data-thumbnail=\"https:\/\/www.prolocoaltessanovenaria.eu\/sito\/wp-content\/uploads\/2023\/09\/IMG20230903112934-300x225.jpg\" data-width=\"300\" data-height=\"225\" aria-label=\"\" role=\"img\" ><\/div>\n\t\t\t\t\t\t\t\t\t\t\t<div class=\"elementor-gallery-item__overlay\"><\/div>\n\t\t\t\t\t\t\t\t\t\t\t\t\t\t<\/a>\n\t\t\t\t\t\t\t<a class=\"e-gallery-item elementor-gallery-item elementor-animated-content\" href=\"https:\/\/www.prolocoaltessanovenaria.eu\/sito\/wp-content\/uploads\/2023\/09\/IMG20230903112937.jpg\" data-elementor-open-lightbox=\"yes\" data-elementor-lightbox-slideshow=\"297daf8\" data-elementor-lightbox-title=\"IMG20230903112937\" data-e-action-hash=\"#elementor-action%3Aaction%3Dlightbox%26settings%3DeyJpZCI6MTcyMzksInVybCI6Imh0dHBzOlwvXC93d3cucHJvbG9jb2FsdGVzc2Fub3ZlbmFyaWEuZXVcL3NpdG9cL3dwLWNvbnRlbnRcL3VwbG9hZHNcLzIwMjNcLzA5XC9JTUcyMDIzMDkwMzExMjkzNy5qcGciLCJzbGlkZXNob3ciOiIyOTdkYWY4In0%3D\">\n\t\t\t\t\t<div class=\"e-gallery-image elementor-gallery-item__image\" data-thumbnail=\"https:\/\/www.prolocoaltessanovenaria.eu\/sito\/wp-content\/uploads\/2023\/09\/IMG20230903112937-300x225.jpg\" data-width=\"300\" data-height=\"225\" aria-label=\"\" role=\"img\" ><\/div>\n\t\t\t\t\t\t\t\t\t\t\t<div class=\"elementor-gallery-item__overlay\"><\/div>\n\t\t\t\t\t\t\t\t\t\t\t\t\t\t<\/a>\n\t\t\t\t\t\t\t<a class=\"e-gallery-item elementor-gallery-item elementor-animated-content\" href=\"https:\/\/www.prolocoaltessanovenaria.eu\/sito\/wp-content\/uploads\/2023\/09\/IMG20230903112940.jpg\" data-elementor-open-lightbox=\"yes\" data-elementor-lightbox-slideshow=\"297daf8\" data-elementor-lightbox-title=\"IMG20230903112940\" data-e-action-hash=\"#elementor-action%3Aaction%3Dlightbox%26settings%3DeyJpZCI6MTcyNDAsInVybCI6Imh0dHBzOlwvXC93d3cucHJvbG9jb2FsdGVzc2Fub3ZlbmFyaWEuZXVcL3NpdG9cL3dwLWNvbnRlbnRcL3VwbG9hZHNcLzIwMjNcLzA5XC9JTUcyMDIzMDkwMzExMjk0MC5qcGciLCJzbGlkZXNob3ciOiIyOTdkYWY4In0%3D\">\n\t\t\t\t\t<div class=\"e-gallery-image elementor-gallery-item__image\" data-thumbnail=\"https:\/\/www.prolocoaltessanovenaria.eu\/sito\/wp-content\/uploads\/2023\/09\/IMG20230903112940-300x225.jpg\" data-width=\"300\" data-height=\"225\" aria-label=\"\" role=\"img\" ><\/div>\n\t\t\t\t\t\t\t\t\t\t\t<div class=\"elementor-gallery-item__overlay\"><\/div>\n\t\t\t\t\t\t\t\t\t\t\t\t\t\t<\/a>\n\t\t\t\t\t\t\t<a class=\"e-gallery-item elementor-gallery-item elementor-animated-content\" href=\"https:\/\/www.prolocoaltessanovenaria.eu\/sito\/wp-content\/uploads\/2023\/09\/IMG20230903112948.jpg\" data-elementor-open-lightbox=\"yes\" data-elementor-lightbox-slideshow=\"297daf8\" data-elementor-lightbox-title=\"IMG20230903112948\" data-e-action-hash=\"#elementor-action%3Aaction%3Dlightbox%26settings%3DeyJpZCI6MTcyNDEsInVybCI6Imh0dHBzOlwvXC93d3cucHJvbG9jb2FsdGVzc2Fub3ZlbmFyaWEuZXVcL3NpdG9cL3dwLWNvbnRlbnRcL3VwbG9hZHNcLzIwMjNcLzA5XC9JTUcyMDIzMDkwMzExMjk0OC5qcGciLCJzbGlkZXNob3ciOiIyOTdkYWY4In0%3D\">\n\t\t\t\t\t<div class=\"e-gallery-image elementor-gallery-item__image\" data-thumbnail=\"https:\/\/www.prolocoaltessanovenaria.eu\/sito\/wp-content\/uploads\/2023\/09\/IMG20230903112948-300x225.jpg\" data-width=\"300\" data-height=\"225\" aria-label=\"\" role=\"img\" ><\/div>\n\t\t\t\t\t\t\t\t\t\t\t<div class=\"elementor-gallery-item__overlay\"><\/div>\n\t\t\t\t\t\t\t\t\t\t\t\t\t\t<\/a>\n\t\t\t\t\t\t\t<a class=\"e-gallery-item elementor-gallery-item elementor-animated-content\" href=\"https:\/\/www.prolocoaltessanovenaria.eu\/sito\/wp-content\/uploads\/2023\/09\/IMG20230903112954.jpg\" data-elementor-open-lightbox=\"yes\" data-elementor-lightbox-slideshow=\"297daf8\" data-elementor-lightbox-title=\"IMG20230903112954\" data-e-action-hash=\"#elementor-action%3Aaction%3Dlightbox%26settings%3DeyJpZCI6MTcyNDIsInVybCI6Imh0dHBzOlwvXC93d3cucHJvbG9jb2FsdGVzc2Fub3ZlbmFyaWEuZXVcL3NpdG9cL3dwLWNvbnRlbnRcL3VwbG9hZHNcLzIwMjNcLzA5XC9JTUcyMDIzMDkwMzExMjk1NC5qcGciLCJzbGlkZXNob3ciOiIyOTdkYWY4In0%3D\">\n\t\t\t\t\t<div class=\"e-gallery-image elementor-gallery-item__image\" data-thumbnail=\"https:\/\/www.prolocoaltessanovenaria.eu\/sito\/wp-content\/uploads\/2023\/09\/IMG20230903112954-300x225.jpg\" data-width=\"300\" data-height=\"225\" aria-label=\"\" role=\"img\" ><\/div>\n\t\t\t\t\t\t\t\t\t\t\t<div class=\"elementor-gallery-item__overlay\"><\/div>\n\t\t\t\t\t\t\t\t\t\t\t\t\t\t<\/a>\n\t\t\t\t\t\t\t<a class=\"e-gallery-item elementor-gallery-item elementor-animated-content\" href=\"https:\/\/www.prolocoaltessanovenaria.eu\/sito\/wp-content\/uploads\/2023\/09\/IMG20230903113001.jpg\" data-elementor-open-lightbox=\"yes\" data-elementor-lightbox-slideshow=\"297daf8\" data-elementor-lightbox-title=\"IMG20230903113001\" data-e-action-hash=\"#elementor-action%3Aaction%3Dlightbox%26settings%3DeyJpZCI6MTcyNDMsInVybCI6Imh0dHBzOlwvXC93d3cucHJvbG9jb2FsdGVzc2Fub3ZlbmFyaWEuZXVcL3NpdG9cL3dwLWNvbnRlbnRcL3VwbG9hZHNcLzIwMjNcLzA5XC9JTUcyMDIzMDkwMzExMzAwMS5qcGciLCJzbGlkZXNob3ciOiIyOTdkYWY4In0%3D\">\n\t\t\t\t\t<div class=\"e-gallery-image elementor-gallery-item__image\" data-thumbnail=\"https:\/\/www.prolocoaltessanovenaria.eu\/sito\/wp-content\/uploads\/2023\/09\/IMG20230903113001-225x300.jpg\" data-width=\"225\" data-height=\"300\" aria-label=\"\" role=\"img\" ><\/div>\n\t\t\t\t\t\t\t\t\t\t\t<div class=\"elementor-gallery-item__overlay\"><\/div>\n\t\t\t\t\t\t\t\t\t\t\t\t\t\t<\/a>\n\t\t\t\t\t\t\t<a class=\"e-gallery-item elementor-gallery-item elementor-animated-content\" href=\"https:\/\/www.prolocoaltessanovenaria.eu\/sito\/wp-content\/uploads\/2023\/09\/IMG20230903113006.jpg\" data-elementor-open-lightbox=\"yes\" data-elementor-lightbox-slideshow=\"297daf8\" data-elementor-lightbox-title=\"IMG20230903113006\" data-e-action-hash=\"#elementor-action%3Aaction%3Dlightbox%26settings%3DeyJpZCI6MTcyNDQsInVybCI6Imh0dHBzOlwvXC93d3cucHJvbG9jb2FsdGVzc2Fub3ZlbmFyaWEuZXVcL3NpdG9cL3dwLWNvbnRlbnRcL3VwbG9hZHNcLzIwMjNcLzA5XC9JTUcyMDIzMDkwMzExMzAwNi5qcGciLCJzbGlkZXNob3ciOiIyOTdkYWY4In0%3D\">\n\t\t\t\t\t<div class=\"e-gallery-image elementor-gallery-item__image\" data-thumbnail=\"https:\/\/www.prolocoaltessanovenaria.eu\/sito\/wp-content\/uploads\/2023\/09\/IMG20230903113006-225x300.jpg\" data-width=\"225\" data-height=\"300\" aria-label=\"\" role=\"img\" ><\/div>\n\t\t\t\t\t\t\t\t\t\t\t<div class=\"elementor-gallery-item__overlay\"><\/div>\n\t\t\t\t\t\t\t\t\t\t\t\t\t\t<\/a>\n\t\t\t\t\t\t\t<a class=\"e-gallery-item elementor-gallery-item elementor-animated-content\" href=\"https:\/\/www.prolocoaltessanovenaria.eu\/sito\/wp-content\/uploads\/2023\/09\/IMG20230903113012.jpg\" data-elementor-open-lightbox=\"yes\" data-elementor-lightbox-slideshow=\"297daf8\" data-elementor-lightbox-title=\"IMG20230903113012\" data-e-action-hash=\"#elementor-action%3Aaction%3Dlightbox%26settings%3DeyJpZCI6MTcyNDUsInVybCI6Imh0dHBzOlwvXC93d3cucHJvbG9jb2FsdGVzc2Fub3ZlbmFyaWEuZXVcL3NpdG9cL3dwLWNvbnRlbnRcL3VwbG9hZHNcLzIwMjNcLzA5XC9JTUcyMDIzMDkwMzExMzAxMi5qcGciLCJzbGlkZXNob3ciOiIyOTdkYWY4In0%3D\">\n\t\t\t\t\t<div class=\"e-gallery-image elementor-gallery-item__image\" data-thumbnail=\"https:\/\/www.prolocoaltessanovenaria.eu\/sito\/wp-content\/uploads\/2023\/09\/IMG20230903113012-225x300.jpg\" data-width=\"225\" data-height=\"300\" aria-label=\"\" role=\"img\" ><\/div>\n\t\t\t\t\t\t\t\t\t\t\t<div class=\"elementor-gallery-item__overlay\"><\/div>\n\t\t\t\t\t\t\t\t\t\t\t\t\t\t<\/a>\n\t\t\t\t\t\t\t<a class=\"e-gallery-item elementor-gallery-item elementor-animated-content\" href=\"https:\/\/www.prolocoaltessanovenaria.eu\/sito\/wp-content\/uploads\/2023\/09\/ritagli-darte-1.jpg\" data-elementor-open-lightbox=\"yes\" data-elementor-lightbox-slideshow=\"297daf8\" data-elementor-lightbox-title=\"ritagli darte (1)\" data-e-action-hash=\"#elementor-action%3Aaction%3Dlightbox%26settings%3DeyJpZCI6MTcyNDYsInVybCI6Imh0dHBzOlwvXC93d3cucHJvbG9jb2FsdGVzc2Fub3ZlbmFyaWEuZXVcL3NpdG9cL3dwLWNvbnRlbnRcL3VwbG9hZHNcLzIwMjNcLzA5XC9yaXRhZ2xpLWRhcnRlLTEuanBnIiwic2xpZGVzaG93IjoiMjk3ZGFmOCJ9\">\n\t\t\t\t\t<div class=\"e-gallery-image elementor-gallery-item__image\" data-thumbnail=\"https:\/\/www.prolocoaltessanovenaria.eu\/sito\/wp-content\/uploads\/2023\/09\/ritagli-darte-1-300x225.jpg\" data-width=\"300\" data-height=\"225\" aria-label=\"\" role=\"img\" ><\/div>\n\t\t\t\t\t\t\t\t\t\t\t<div class=\"elementor-gallery-item__overlay\"><\/div>\n\t\t\t\t\t\t\t\t\t\t\t\t\t\t<\/a>\n\t\t\t\t\t\t\t<a class=\"e-gallery-item elementor-gallery-item elementor-animated-content\" href=\"https:\/\/www.prolocoaltessanovenaria.eu\/sito\/wp-content\/uploads\/2023\/09\/ritagli-darte-2.jpg\" data-elementor-open-lightbox=\"yes\" data-elementor-lightbox-slideshow=\"297daf8\" data-elementor-lightbox-title=\"ritagli darte (2)\" data-e-action-hash=\"#elementor-action%3Aaction%3Dlightbox%26settings%3DeyJpZCI6MTcyNDcsInVybCI6Imh0dHBzOlwvXC93d3cucHJvbG9jb2FsdGVzc2Fub3ZlbmFyaWEuZXVcL3NpdG9cL3dwLWNvbnRlbnRcL3VwbG9hZHNcLzIwMjNcLzA5XC9yaXRhZ2xpLWRhcnRlLTIuanBnIiwic2xpZGVzaG93IjoiMjk3ZGFmOCJ9\">\n\t\t\t\t\t<div class=\"e-gallery-image elementor-gallery-item__image\" data-thumbnail=\"https:\/\/www.prolocoaltessanovenaria.eu\/sito\/wp-content\/uploads\/2023\/09\/ritagli-darte-2-300x225.jpg\" data-width=\"300\" data-height=\"225\" aria-label=\"\" role=\"img\" ><\/div>\n\t\t\t\t\t\t\t\t\t\t\t<div class=\"elementor-gallery-item__overlay\"><\/div>\n\t\t\t\t\t\t\t\t\t\t\t\t\t\t<\/a>\n\t\t\t\t\t\t\t<a class=\"e-gallery-item elementor-gallery-item elementor-animated-content\" href=\"https:\/\/www.prolocoaltessanovenaria.eu\/sito\/wp-content\/uploads\/2023\/09\/ritagli-darte-3.jpg\" data-elementor-open-lightbox=\"yes\" data-elementor-lightbox-slideshow=\"297daf8\" data-elementor-lightbox-title=\"ritagli darte (3)\" data-e-action-hash=\"#elementor-action%3Aaction%3Dlightbox%26settings%3DeyJpZCI6MTcyNDgsInVybCI6Imh0dHBzOlwvXC93d3cucHJvbG9jb2FsdGVzc2Fub3ZlbmFyaWEuZXVcL3NpdG9cL3dwLWNvbnRlbnRcL3VwbG9hZHNcLzIwMjNcLzA5XC9yaXRhZ2xpLWRhcnRlLTMuanBnIiwic2xpZGVzaG93IjoiMjk3ZGFmOCJ9\">\n\t\t\t\t\t<div class=\"e-gallery-image elementor-gallery-item__image\" data-thumbnail=\"https:\/\/www.prolocoaltessanovenaria.eu\/sito\/wp-content\/uploads\/2023\/09\/ritagli-darte-3-300x225.jpg\" data-width=\"300\" data-height=\"225\" aria-label=\"\" role=\"img\" ><\/div>\n\t\t\t\t\t\t\t\t\t\t\t<div class=\"elementor-gallery-item__overlay\"><\/div>\n\t\t\t\t\t\t\t\t\t\t\t\t\t\t<\/a>\n\t\t\t\t\t\t\t<a class=\"e-gallery-item elementor-gallery-item elementor-animated-content\" href=\"https:\/\/www.prolocoaltessanovenaria.eu\/sito\/wp-content\/uploads\/2023\/09\/ritagli-darte-4.jpg\" data-elementor-open-lightbox=\"yes\" data-elementor-lightbox-slideshow=\"297daf8\" data-elementor-lightbox-title=\"ritagli darte (4)\" data-e-action-hash=\"#elementor-action%3Aaction%3Dlightbox%26settings%3DeyJpZCI6MTcyNDksInVybCI6Imh0dHBzOlwvXC93d3cucHJvbG9jb2FsdGVzc2Fub3ZlbmFyaWEuZXVcL3NpdG9cL3dwLWNvbnRlbnRcL3VwbG9hZHNcLzIwMjNcLzA5XC9yaXRhZ2xpLWRhcnRlLTQuanBnIiwic2xpZGVzaG93IjoiMjk3ZGFmOCJ9\">\n\t\t\t\t\t<div class=\"e-gallery-image elementor-gallery-item__image\" data-thumbnail=\"https:\/\/www.prolocoaltessanovenaria.eu\/sito\/wp-content\/uploads\/2023\/09\/ritagli-darte-4-300x225.jpg\" data-width=\"300\" data-height=\"225\" aria-label=\"\" role=\"img\" ><\/div>\n\t\t\t\t\t\t\t\t\t\t\t<div class=\"elementor-gallery-item__overlay\"><\/div>\n\t\t\t\t\t\t\t\t\t\t\t\t\t\t<\/a>\n\t\t\t\t\t\t\t<a class=\"e-gallery-item elementor-gallery-item elementor-animated-content\" href=\"https:\/\/www.prolocoaltessanovenaria.eu\/sito\/wp-content\/uploads\/2023\/09\/ritagli-darte-5.jpg\" data-elementor-open-lightbox=\"yes\" data-elementor-lightbox-slideshow=\"297daf8\" data-elementor-lightbox-title=\"ritagli darte (5)\" data-e-action-hash=\"#elementor-action%3Aaction%3Dlightbox%26settings%3DeyJpZCI6MTcyNTAsInVybCI6Imh0dHBzOlwvXC93d3cucHJvbG9jb2FsdGVzc2Fub3ZlbmFyaWEuZXVcL3NpdG9cL3dwLWNvbnRlbnRcL3VwbG9hZHNcLzIwMjNcLzA5XC9yaXRhZ2xpLWRhcnRlLTUuanBnIiwic2xpZGVzaG93IjoiMjk3ZGFmOCJ9\">\n\t\t\t\t\t<div class=\"e-gallery-image elementor-gallery-item__image\" data-thumbnail=\"https:\/\/www.prolocoaltessanovenaria.eu\/sito\/wp-content\/uploads\/2023\/09\/ritagli-darte-5-300x225.jpg\" data-width=\"300\" data-height=\"225\" aria-label=\"\" role=\"img\" ><\/div>\n\t\t\t\t\t\t\t\t\t\t\t<div class=\"elementor-gallery-item__overlay\"><\/div>\n\t\t\t\t\t\t\t\t\t\t\t\t\t\t<\/a>\n\t\t\t\t\t\t\t<a class=\"e-gallery-item elementor-gallery-item elementor-animated-content\" href=\"https:\/\/www.prolocoaltessanovenaria.eu\/sito\/wp-content\/uploads\/2023\/09\/ritagli-darte-6.jpg\" data-elementor-open-lightbox=\"yes\" data-elementor-lightbox-slideshow=\"297daf8\" data-elementor-lightbox-title=\"ritagli darte (6)\" data-e-action-hash=\"#elementor-action%3Aaction%3Dlightbox%26settings%3DeyJpZCI6MTcyNTEsInVybCI6Imh0dHBzOlwvXC93d3cucHJvbG9jb2FsdGVzc2Fub3ZlbmFyaWEuZXVcL3NpdG9cL3dwLWNvbnRlbnRcL3VwbG9hZHNcLzIwMjNcLzA5XC9yaXRhZ2xpLWRhcnRlLTYuanBnIiwic2xpZGVzaG93IjoiMjk3ZGFmOCJ9\">\n\t\t\t\t\t<div class=\"e-gallery-image elementor-gallery-item__image\" data-thumbnail=\"https:\/\/www.prolocoaltessanovenaria.eu\/sito\/wp-content\/uploads\/2023\/09\/ritagli-darte-6-300x225.jpg\" data-width=\"300\" data-height=\"225\" aria-label=\"\" role=\"img\" ><\/div>\n\t\t\t\t\t\t\t\t\t\t\t<div class=\"elementor-gallery-item__overlay\"><\/div>\n\t\t\t\t\t\t\t\t\t\t\t\t\t\t<\/a>\n\t\t\t\t\t\t\t<a class=\"e-gallery-item elementor-gallery-item elementor-animated-content\" href=\"https:\/\/www.prolocoaltessanovenaria.eu\/sito\/wp-content\/uploads\/2023\/09\/ritagli-darte-7.jpg\" data-elementor-open-lightbox=\"yes\" data-elementor-lightbox-slideshow=\"297daf8\" data-elementor-lightbox-title=\"ritagli darte (7)\" data-e-action-hash=\"#elementor-action%3Aaction%3Dlightbox%26settings%3DeyJpZCI6MTcyNTIsInVybCI6Imh0dHBzOlwvXC93d3cucHJvbG9jb2FsdGVzc2Fub3ZlbmFyaWEuZXVcL3NpdG9cL3dwLWNvbnRlbnRcL3VwbG9hZHNcLzIwMjNcLzA5XC9yaXRhZ2xpLWRhcnRlLTcuanBnIiwic2xpZGVzaG93IjoiMjk3ZGFmOCJ9\">\n\t\t\t\t\t<div class=\"e-gallery-image elementor-gallery-item__image\" data-thumbnail=\"https:\/\/www.prolocoaltessanovenaria.eu\/sito\/wp-content\/uploads\/2023\/09\/ritagli-darte-7-225x300.jpg\" data-width=\"225\" data-height=\"300\" aria-label=\"\" role=\"img\" ><\/div>\n\t\t\t\t\t\t\t\t\t\t\t<div class=\"elementor-gallery-item__overlay\"><\/div>\n\t\t\t\t\t\t\t\t\t\t\t\t\t\t<\/a>\n\t\t\t\t\t\t\t<a class=\"e-gallery-item elementor-gallery-item elementor-animated-content\" href=\"https:\/\/www.prolocoaltessanovenaria.eu\/sito\/wp-content\/uploads\/2023\/09\/ritagli-darte-8.jpg\" data-elementor-open-lightbox=\"yes\" data-elementor-lightbox-slideshow=\"297daf8\" data-elementor-lightbox-title=\"ritagli darte (8)\" data-e-action-hash=\"#elementor-action%3Aaction%3Dlightbox%26settings%3DeyJpZCI6MTcyNTMsInVybCI6Imh0dHBzOlwvXC93d3cucHJvbG9jb2FsdGVzc2Fub3ZlbmFyaWEuZXVcL3NpdG9cL3dwLWNvbnRlbnRcL3VwbG9hZHNcLzIwMjNcLzA5XC9yaXRhZ2xpLWRhcnRlLTguanBnIiwic2xpZGVzaG93IjoiMjk3ZGFmOCJ9\">\n\t\t\t\t\t<div class=\"e-gallery-image elementor-gallery-item__image\" data-thumbnail=\"https:\/\/www.prolocoaltessanovenaria.eu\/sito\/wp-content\/uploads\/2023\/09\/ritagli-darte-8-225x300.jpg\" data-width=\"225\" data-height=\"300\" aria-label=\"\" role=\"img\" ><\/div>\n\t\t\t\t\t\t\t\t\t\t\t<div class=\"elementor-gallery-item__overlay\"><\/div>\n\t\t\t\t\t\t\t\t\t\t\t\t\t\t<\/a>\n\t\t\t\t\t\t\t<a class=\"e-gallery-item elementor-gallery-item elementor-animated-content\" href=\"https:\/\/www.prolocoaltessanovenaria.eu\/sito\/wp-content\/uploads\/2023\/09\/ritagli-darte-9.jpg\" data-elementor-open-lightbox=\"yes\" data-elementor-lightbox-slideshow=\"297daf8\" data-elementor-lightbox-title=\"ritagli darte (9)\" data-e-action-hash=\"#elementor-action%3Aaction%3Dlightbox%26settings%3DeyJpZCI6MTcyNTQsInVybCI6Imh0dHBzOlwvXC93d3cucHJvbG9jb2FsdGVzc2Fub3ZlbmFyaWEuZXVcL3NpdG9cL3dwLWNvbnRlbnRcL3VwbG9hZHNcLzIwMjNcLzA5XC9yaXRhZ2xpLWRhcnRlLTkuanBnIiwic2xpZGVzaG93IjoiMjk3ZGFmOCJ9\">\n\t\t\t\t\t<div class=\"e-gallery-image elementor-gallery-item__image\" data-thumbnail=\"https:\/\/www.prolocoaltessanovenaria.eu\/sito\/wp-content\/uploads\/2023\/09\/ritagli-darte-9-300x225.jpg\" data-width=\"300\" data-height=\"225\" aria-label=\"\" role=\"img\" ><\/div>\n\t\t\t\t\t\t\t\t\t\t\t<div class=\"elementor-gallery-item__overlay\"><\/div>\n\t\t\t\t\t\t\t\t\t\t\t\t\t\t<\/a>\n\t\t\t\t\t\t\t<a class=\"e-gallery-item elementor-gallery-item elementor-animated-content\" href=\"https:\/\/www.prolocoaltessanovenaria.eu\/sito\/wp-content\/uploads\/2023\/09\/ritagli-darte-10.jpg\" data-elementor-open-lightbox=\"yes\" data-elementor-lightbox-slideshow=\"297daf8\" data-elementor-lightbox-title=\"ritagli darte (10)\" data-e-action-hash=\"#elementor-action%3Aaction%3Dlightbox%26settings%3DeyJpZCI6MTcyNTUsInVybCI6Imh0dHBzOlwvXC93d3cucHJvbG9jb2FsdGVzc2Fub3ZlbmFyaWEuZXVcL3NpdG9cL3dwLWNvbnRlbnRcL3VwbG9hZHNcLzIwMjNcLzA5XC9yaXRhZ2xpLWRhcnRlLTEwLmpwZyIsInNsaWRlc2hvdyI6IjI5N2RhZjgifQ%3D%3D\">\n\t\t\t\t\t<div class=\"e-gallery-image elementor-gallery-item__image\" data-thumbnail=\"https:\/\/www.prolocoaltessanovenaria.eu\/sito\/wp-content\/uploads\/2023\/09\/ritagli-darte-10-300x225.jpg\" data-width=\"300\" data-height=\"225\" aria-label=\"\" role=\"img\" ><\/div>\n\t\t\t\t\t\t\t\t\t\t\t<div class=\"elementor-gallery-item__overlay\"><\/div>\n\t\t\t\t\t\t\t\t\t\t\t\t\t\t<\/a>\n\t\t\t\t\t\t\t<a class=\"e-gallery-item elementor-gallery-item elementor-animated-content\" href=\"https:\/\/www.prolocoaltessanovenaria.eu\/sito\/wp-content\/uploads\/2023\/09\/ritagli-darte-11.jpg\" data-elementor-open-lightbox=\"yes\" data-elementor-lightbox-slideshow=\"297daf8\" data-elementor-lightbox-title=\"ritagli darte (11)\" data-e-action-hash=\"#elementor-action%3Aaction%3Dlightbox%26settings%3DeyJpZCI6MTcyNTYsInVybCI6Imh0dHBzOlwvXC93d3cucHJvbG9jb2FsdGVzc2Fub3ZlbmFyaWEuZXVcL3NpdG9cL3dwLWNvbnRlbnRcL3VwbG9hZHNcLzIwMjNcLzA5XC9yaXRhZ2xpLWRhcnRlLTExLmpwZyIsInNsaWRlc2hvdyI6IjI5N2RhZjgifQ%3D%3D\">\n\t\t\t\t\t<div class=\"e-gallery-image elementor-gallery-item__image\" data-thumbnail=\"https:\/\/www.prolocoaltessanovenaria.eu\/sito\/wp-content\/uploads\/2023\/09\/ritagli-darte-11-300x225.jpg\" data-width=\"300\" data-height=\"225\" aria-label=\"\" role=\"img\" ><\/div>\n\t\t\t\t\t\t\t\t\t\t\t<div class=\"elementor-gallery-item__overlay\"><\/div>\n\t\t\t\t\t\t\t\t\t\t\t\t\t\t<\/a>\n\t\t\t\t\t<\/div>\n\t\t\t\t\t<\/div>\n\t\t\t\t<\/div>\n\t\t\t\t\t<\/div>\n\t\t\t\t<\/div>\n\t\t<div class=\"elementor-element elementor-element-1f68604 elementor-hidden-desktop elementor-hidden-tablet elementor-hidden-mobile e-flex e-con-boxed e-con e-parent\" data-id=\"1f68604\" data-element_type=\"container\" data-e-type=\"container\">\n\t\t\t\t\t<div class=\"e-con-inner\">\n\t\t\t\t<div class=\"elementor-element elementor-element-2669d12 elementor-widget elementor-widget-gallery\" data-id=\"2669d12\" data-element_type=\"widget\" data-e-type=\"widget\" data-settings=\"{&quot;columns&quot;:3,&quot;aspect_ratio&quot;:&quot;1:1&quot;,&quot;lazyload&quot;:&quot;yes&quot;,&quot;gallery_layout&quot;:&quot;grid&quot;,&quot;columns_tablet&quot;:2,&quot;columns_mobile&quot;:1,&quot;gap&quot;:{&quot;unit&quot;:&quot;px&quot;,&quot;size&quot;:10,&quot;sizes&quot;:[]},&quot;gap_tablet&quot;:{&quot;unit&quot;:&quot;px&quot;,&quot;size&quot;:10,&quot;sizes&quot;:[]},&quot;gap_mobile&quot;:{&quot;unit&quot;:&quot;px&quot;,&quot;size&quot;:10,&quot;sizes&quot;:[]},&quot;link_to&quot;:&quot;file&quot;,&quot;overlay_background&quot;:&quot;yes&quot;,&quot;content_hover_animation&quot;:&quot;fade-in&quot;}\" data-widget_type=\"gallery.default\">\n\t\t\t\t<div class=\"elementor-widget-container\">\n\t\t\t\t\t\t\t<div class=\"elementor-gallery__container\">\n\t\t\t\t\t\t\t<a class=\"e-gallery-item elementor-gallery-item elementor-animated-content\" href=\"https:\/\/www.prolocoaltessanovenaria.eu\/sito\/wp-content\/uploads\/2023\/07\/desiree-2.jpg\" data-elementor-open-lightbox=\"yes\" data-elementor-lightbox-slideshow=\"2669d12\" data-elementor-lightbox-title=\"desiree (2)\" data-e-action-hash=\"#elementor-action%3Aaction%3Dlightbox%26settings%3DeyJpZCI6MTQ2NzYsInVybCI6Imh0dHBzOlwvXC93d3cucHJvbG9jb2FsdGVzc2Fub3ZlbmFyaWEuZXVcL3NpdG9cL3dwLWNvbnRlbnRcL3VwbG9hZHNcLzIwMjNcLzA3XC9kZXNpcmVlLTIuanBnIiwic2xpZGVzaG93IjoiMjY2OWQxMiJ9\">\n\t\t\t\t\t<div class=\"e-gallery-image elementor-gallery-item__image\" data-thumbnail=\"https:\/\/www.prolocoaltessanovenaria.eu\/sito\/wp-content\/uploads\/2023\/07\/desiree-2-300x227.jpg\" data-width=\"300\" data-height=\"227\" aria-label=\"\" role=\"img\" ><\/div>\n\t\t\t\t\t\t\t\t\t\t\t<div class=\"elementor-gallery-item__overlay\"><\/div>\n\t\t\t\t\t\t\t\t\t\t\t\t\t\t<\/a>\n\t\t\t\t\t\t\t<a class=\"e-gallery-item elementor-gallery-item elementor-animated-content\" href=\"https:\/\/www.prolocoaltessanovenaria.eu\/sito\/wp-content\/uploads\/2023\/07\/desiree-1.jpg\" data-elementor-open-lightbox=\"yes\" data-elementor-lightbox-slideshow=\"2669d12\" data-elementor-lightbox-title=\"desiree (1)\" data-e-action-hash=\"#elementor-action%3Aaction%3Dlightbox%26settings%3DeyJpZCI6MTQ2NzUsInVybCI6Imh0dHBzOlwvXC93d3cucHJvbG9jb2FsdGVzc2Fub3ZlbmFyaWEuZXVcL3NpdG9cL3dwLWNvbnRlbnRcL3VwbG9hZHNcLzIwMjNcLzA3XC9kZXNpcmVlLTEuanBnIiwic2xpZGVzaG93IjoiMjY2OWQxMiJ9\">\n\t\t\t\t\t<div class=\"e-gallery-image elementor-gallery-item__image\" data-thumbnail=\"https:\/\/www.prolocoaltessanovenaria.eu\/sito\/wp-content\/uploads\/2023\/07\/desiree-1-229x300.jpg\" data-width=\"229\" data-height=\"300\" aria-label=\"\" role=\"img\" ><\/div>\n\t\t\t\t\t\t\t\t\t\t\t<div class=\"elementor-gallery-item__overlay\"><\/div>\n\t\t\t\t\t\t\t\t\t\t\t\t\t\t<\/a>\n\t\t\t\t\t\t\t<a class=\"e-gallery-item elementor-gallery-item elementor-animated-content\" href=\"https:\/\/www.prolocoaltessanovenaria.eu\/sito\/wp-content\/uploads\/2023\/07\/desiree-3.jpg\" data-elementor-open-lightbox=\"yes\" data-elementor-lightbox-slideshow=\"2669d12\" data-elementor-lightbox-title=\"desiree (3)\" data-e-action-hash=\"#elementor-action%3Aaction%3Dlightbox%26settings%3DeyJpZCI6MTQ2NzcsInVybCI6Imh0dHBzOlwvXC93d3cucHJvbG9jb2FsdGVzc2Fub3ZlbmFyaWEuZXVcL3NpdG9cL3dwLWNvbnRlbnRcL3VwbG9hZHNcLzIwMjNcLzA3XC9kZXNpcmVlLTMuanBnIiwic2xpZGVzaG93IjoiMjY2OWQxMiJ9\">\n\t\t\t\t\t<div class=\"e-gallery-image elementor-gallery-item__image\" data-thumbnail=\"https:\/\/www.prolocoaltessanovenaria.eu\/sito\/wp-content\/uploads\/2023\/07\/desiree-3-223x300.jpg\" data-width=\"223\" data-height=\"300\" aria-label=\"\" role=\"img\" ><\/div>\n\t\t\t\t\t\t\t\t\t\t\t<div class=\"elementor-gallery-item__overlay\"><\/div>\n\t\t\t\t\t\t\t\t\t\t\t\t\t\t<\/a>\n\t\t\t\t\t\t\t<a class=\"e-gallery-item elementor-gallery-item elementor-animated-content\" href=\"https:\/\/www.prolocoaltessanovenaria.eu\/sito\/wp-content\/uploads\/2023\/07\/1-Foto-quadro-api.jpg\" data-elementor-open-lightbox=\"yes\" data-elementor-lightbox-slideshow=\"2669d12\" data-elementor-lightbox-title=\"1 Foto quadro api\" data-e-action-hash=\"#elementor-action%3Aaction%3Dlightbox%26settings%3DeyJpZCI6MTQ1OTksInVybCI6Imh0dHBzOlwvXC93d3cucHJvbG9jb2FsdGVzc2Fub3ZlbmFyaWEuZXVcL3NpdG9cL3dwLWNvbnRlbnRcL3VwbG9hZHNcLzIwMjNcLzA3XC8xLUZvdG8tcXVhZHJvLWFwaS5qcGciLCJzbGlkZXNob3ciOiIyNjY5ZDEyIn0%3D\">\n\t\t\t\t\t<div class=\"e-gallery-image elementor-gallery-item__image\" data-thumbnail=\"https:\/\/www.prolocoaltessanovenaria.eu\/sito\/wp-content\/uploads\/2023\/07\/1-Foto-quadro-api-300x207.jpg\" data-width=\"300\" data-height=\"207\" aria-label=\"\" role=\"img\" ><\/div>\n\t\t\t\t\t\t\t\t\t\t\t<div class=\"elementor-gallery-item__overlay\"><\/div>\n\t\t\t\t\t\t\t\t\t\t\t\t\t\t<\/a>\n\t\t\t\t\t\t\t<a class=\"e-gallery-item elementor-gallery-item elementor-animated-content\" href=\"https:\/\/www.prolocoaltessanovenaria.eu\/sito\/wp-content\/uploads\/2023\/07\/4-quadro-fiori.jpg\" data-elementor-open-lightbox=\"yes\" data-elementor-lightbox-slideshow=\"2669d12\" data-elementor-lightbox-title=\"4 quadro fiori\" data-e-action-hash=\"#elementor-action%3Aaction%3Dlightbox%26settings%3DeyJpZCI6MTQ2MDAsInVybCI6Imh0dHBzOlwvXC93d3cucHJvbG9jb2FsdGVzc2Fub3ZlbmFyaWEuZXVcL3NpdG9cL3dwLWNvbnRlbnRcL3VwbG9hZHNcLzIwMjNcLzA3XC80LXF1YWRyby1maW9yaS5qcGciLCJzbGlkZXNob3ciOiIyNjY5ZDEyIn0%3D\">\n\t\t\t\t\t<div class=\"e-gallery-image elementor-gallery-item__image\" data-thumbnail=\"https:\/\/www.prolocoaltessanovenaria.eu\/sito\/wp-content\/uploads\/2023\/07\/4-quadro-fiori-300x294.jpg\" data-width=\"300\" data-height=\"294\" aria-label=\"\" role=\"img\" ><\/div>\n\t\t\t\t\t\t\t\t\t\t\t<div class=\"elementor-gallery-item__overlay\"><\/div>\n\t\t\t\t\t\t\t\t\t\t\t\t\t\t<\/a>\n\t\t\t\t\t\t\t<a class=\"e-gallery-item elementor-gallery-item elementor-animated-content\" href=\"https:\/\/www.prolocoaltessanovenaria.eu\/sito\/wp-content\/uploads\/2023\/07\/5-topo.jpg\" data-elementor-open-lightbox=\"yes\" data-elementor-lightbox-slideshow=\"2669d12\" data-elementor-lightbox-title=\"5 topo\" data-e-action-hash=\"#elementor-action%3Aaction%3Dlightbox%26settings%3DeyJpZCI6MTQ2MDEsInVybCI6Imh0dHBzOlwvXC93d3cucHJvbG9jb2FsdGVzc2Fub3ZlbmFyaWEuZXVcL3NpdG9cL3dwLWNvbnRlbnRcL3VwbG9hZHNcLzIwMjNcLzA3XC81LXRvcG8uanBnIiwic2xpZGVzaG93IjoiMjY2OWQxMiJ9\">\n\t\t\t\t\t<div class=\"e-gallery-image elementor-gallery-item__image\" data-thumbnail=\"https:\/\/www.prolocoaltessanovenaria.eu\/sito\/wp-content\/uploads\/2023\/07\/5-topo-300x276.jpg\" data-width=\"300\" data-height=\"276\" aria-label=\"\" role=\"img\" ><\/div>\n\t\t\t\t\t\t\t\t\t\t\t<div class=\"elementor-gallery-item__overlay\"><\/div>\n\t\t\t\t\t\t\t\t\t\t\t\t\t\t<\/a>\n\t\t\t\t\t\t\t<a class=\"e-gallery-item elementor-gallery-item elementor-animated-content\" href=\"https:\/\/www.prolocoaltessanovenaria.eu\/sito\/wp-content\/uploads\/2023\/07\/6-lucertola.jpg\" data-elementor-open-lightbox=\"yes\" data-elementor-lightbox-slideshow=\"2669d12\" data-elementor-lightbox-title=\"6 lucertola\" data-e-action-hash=\"#elementor-action%3Aaction%3Dlightbox%26settings%3DeyJpZCI6MTQ2MDIsInVybCI6Imh0dHBzOlwvXC93d3cucHJvbG9jb2FsdGVzc2Fub3ZlbmFyaWEuZXVcL3NpdG9cL3dwLWNvbnRlbnRcL3VwbG9hZHNcLzIwMjNcLzA3XC82LWx1Y2VydG9sYS5qcGciLCJzbGlkZXNob3ciOiIyNjY5ZDEyIn0%3D\">\n\t\t\t\t\t<div class=\"e-gallery-image elementor-gallery-item__image\" data-thumbnail=\"https:\/\/www.prolocoaltessanovenaria.eu\/sito\/wp-content\/uploads\/2023\/07\/6-lucertola-117x300.jpg\" data-width=\"117\" data-height=\"300\" aria-label=\"\" role=\"img\" ><\/div>\n\t\t\t\t\t\t\t\t\t\t\t<div class=\"elementor-gallery-item__overlay\"><\/div>\n\t\t\t\t\t\t\t\t\t\t\t\t\t\t<\/a>\n\t\t\t\t\t\t\t<a class=\"e-gallery-item elementor-gallery-item elementor-animated-content\" href=\"https:\/\/www.prolocoaltessanovenaria.eu\/sito\/wp-content\/uploads\/2023\/07\/11-gatto.jpg\" data-elementor-open-lightbox=\"yes\" data-elementor-lightbox-slideshow=\"2669d12\" data-elementor-lightbox-title=\"11 gatto\" data-e-action-hash=\"#elementor-action%3Aaction%3Dlightbox%26settings%3DeyJpZCI6MTQ2MDMsInVybCI6Imh0dHBzOlwvXC93d3cucHJvbG9jb2FsdGVzc2Fub3ZlbmFyaWEuZXVcL3NpdG9cL3dwLWNvbnRlbnRcL3VwbG9hZHNcLzIwMjNcLzA3XC8xMS1nYXR0by5qcGciLCJzbGlkZXNob3ciOiIyNjY5ZDEyIn0%3D\">\n\t\t\t\t\t<div class=\"e-gallery-image elementor-gallery-item__image\" data-thumbnail=\"https:\/\/www.prolocoaltessanovenaria.eu\/sito\/wp-content\/uploads\/2023\/07\/11-gatto-210x300.jpg\" data-width=\"210\" data-height=\"300\" aria-label=\"\" role=\"img\" ><\/div>\n\t\t\t\t\t\t\t\t\t\t\t<div class=\"elementor-gallery-item__overlay\"><\/div>\n\t\t\t\t\t\t\t\t\t\t\t\t\t\t<\/a>\n\t\t\t\t\t\t\t<a class=\"e-gallery-item elementor-gallery-item elementor-animated-content\" href=\"https:\/\/www.prolocoaltessanovenaria.eu\/sito\/wp-content\/uploads\/2023\/07\/12.jpg\" data-elementor-open-lightbox=\"yes\" data-elementor-lightbox-slideshow=\"2669d12\" data-elementor-lightbox-title=\"12\" data-e-action-hash=\"#elementor-action%3Aaction%3Dlightbox%26settings%3DeyJpZCI6MTQ2MDQsInVybCI6Imh0dHBzOlwvXC93d3cucHJvbG9jb2FsdGVzc2Fub3ZlbmFyaWEuZXVcL3NpdG9cL3dwLWNvbnRlbnRcL3VwbG9hZHNcLzIwMjNcLzA3XC8xMi5qcGciLCJzbGlkZXNob3ciOiIyNjY5ZDEyIn0%3D\">\n\t\t\t\t\t<div class=\"e-gallery-image elementor-gallery-item__image\" data-thumbnail=\"https:\/\/www.prolocoaltessanovenaria.eu\/sito\/wp-content\/uploads\/2023\/07\/12-298x300.jpg\" data-width=\"298\" data-height=\"300\" aria-label=\"\" role=\"img\" ><\/div>\n\t\t\t\t\t\t\t\t\t\t\t<div class=\"elementor-gallery-item__overlay\"><\/div>\n\t\t\t\t\t\t\t\t\t\t\t\t\t\t<\/a>\n\t\t\t\t\t<\/div>\n\t\t\t\t\t<\/div>\n\t\t\t\t<\/div>\n\t\t\t\t\t<\/div>\n\t\t\t\t<\/div>\n\t\t\t\t<\/div>\n\t\t","protected":false},"excerpt":{"rendered":"<p>dal 6 al 9 Luglio<\/p>\n","protected":false},"author":7,"featured_media":17294,"comment_status":"closed","ping_status":"closed","sticky":false,"template":"","format":"standard","meta":{"footnotes":""},"categories":[107,120],"tags":[160],"class_list":["post-17292","post","type-post","status-publish","format-standard","has-post-thumbnail","hentry","category-107","category-settembre-2023","tag-ultimo"],"yoast_head":"<!-- This site is optimized with the Yoast SEO plugin v27.3 - https:\/\/yoast.com\/product\/yoast-seo-wordpress\/ -->\n<title>Presentazione Antologie a cura di Ernesto Chiabotto - ProLoco Altessano Venaria<\/title>\n<meta name=\"robots\" content=\"index, follow, max-snippet:-1, max-image-preview:large, max-video-preview:-1\" \/>\n<link rel=\"canonical\" href=\"https:\/\/www.prolocoaltessanovenaria.eu\/sito\/presentazione-antologie-a-cura-di-ernesto-chiabotto\/\" \/>\n<meta property=\"og:locale\" content=\"it_IT\" \/>\n<meta property=\"og:type\" content=\"article\" \/>\n<meta property=\"og:title\" content=\"Presentazione Antologie a cura di Ernesto Chiabotto - ProLoco Altessano Venaria\" \/>\n<meta property=\"og:description\" content=\"dal 6 al 9 Luglio\" \/>\n<meta property=\"og:url\" content=\"https:\/\/www.prolocoaltessanovenaria.eu\/sito\/presentazione-antologie-a-cura-di-ernesto-chiabotto\/\" \/>\n<meta property=\"og:site_name\" content=\"ProLoco Altessano Venaria\" \/>\n<meta property=\"article:publisher\" content=\"https:\/\/www.facebook.com\/Associazione-Turistica-Pro-Loco-Altessano-Venaria-Reale-1412029292342779\/\" \/>\n<meta property=\"article:published_time\" content=\"2023-09-09T06:47:14+00:00\" \/>\n<meta property=\"article:modified_time\" content=\"2023-09-09T06:51:39+00:00\" \/>\n<meta property=\"og:image\" content=\"https:\/\/www.prolocoaltessanovenaria.eu\/sito\/wp-content\/uploads\/2023\/09\/antologie.jpg\" \/>\n\t<meta property=\"og:image:width\" content=\"1080\" \/>\n\t<meta property=\"og:image:height\" content=\"1080\" \/>\n\t<meta property=\"og:image:type\" content=\"image\/jpeg\" \/>\n<meta name=\"author\" content=\"redazione\" \/>\n<meta name=\"twitter:card\" content=\"summary_large_image\" \/>\n<meta name=\"twitter:label1\" content=\"Scritto da\" \/>\n\t<meta name=\"twitter:data1\" content=\"redazione\" \/>\n\t<meta name=\"twitter:label2\" content=\"Tempo di lettura stimato\" \/>\n\t<meta name=\"twitter:data2\" content=\"3 minuti\" \/>\n<script type=\"application\/ld+json\" class=\"yoast-schema-graph\">{\"@context\":\"https:\\\/\\\/schema.org\",\"@graph\":[{\"@type\":\"Article\",\"@id\":\"https:\\\/\\\/www.prolocoaltessanovenaria.eu\\\/sito\\\/presentazione-antologie-a-cura-di-ernesto-chiabotto\\\/#article\",\"isPartOf\":{\"@id\":\"https:\\\/\\\/www.prolocoaltessanovenaria.eu\\\/sito\\\/presentazione-antologie-a-cura-di-ernesto-chiabotto\\\/\"},\"author\":{\"name\":\"redazione\",\"@id\":\"https:\\\/\\\/www.prolocoaltessanovenaria.eu\\\/sito\\\/#\\\/schema\\\/person\\\/68a7d7a6eb0ced6ed31a0d455116b62b\"},\"headline\":\"Presentazione Antologie a cura di Ernesto Chiabotto\",\"datePublished\":\"2023-09-09T06:47:14+00:00\",\"dateModified\":\"2023-09-09T06:51:39+00:00\",\"mainEntityOfPage\":{\"@id\":\"https:\\\/\\\/www.prolocoaltessanovenaria.eu\\\/sito\\\/presentazione-antologie-a-cura-di-ernesto-chiabotto\\\/\"},\"wordCount\":293,\"publisher\":{\"@id\":\"https:\\\/\\\/www.prolocoaltessanovenaria.eu\\\/sito\\\/#organization\"},\"image\":{\"@id\":\"https:\\\/\\\/www.prolocoaltessanovenaria.eu\\\/sito\\\/presentazione-antologie-a-cura-di-ernesto-chiabotto\\\/#primaryimage\"},\"thumbnailUrl\":\"https:\\\/\\\/www.prolocoaltessanovenaria.eu\\\/sito\\\/wp-content\\\/uploads\\\/2023\\\/09\\\/antologie.jpg\",\"keywords\":[\"ultimo\"],\"articleSection\":[\"2023\",\"settembre 2023\"],\"inLanguage\":\"it-IT\"},{\"@type\":\"WebPage\",\"@id\":\"https:\\\/\\\/www.prolocoaltessanovenaria.eu\\\/sito\\\/presentazione-antologie-a-cura-di-ernesto-chiabotto\\\/\",\"url\":\"https:\\\/\\\/www.prolocoaltessanovenaria.eu\\\/sito\\\/presentazione-antologie-a-cura-di-ernesto-chiabotto\\\/\",\"name\":\"Presentazione Antologie a cura di Ernesto Chiabotto - ProLoco Altessano Venaria\",\"isPartOf\":{\"@id\":\"https:\\\/\\\/www.prolocoaltessanovenaria.eu\\\/sito\\\/#website\"},\"primaryImageOfPage\":{\"@id\":\"https:\\\/\\\/www.prolocoaltessanovenaria.eu\\\/sito\\\/presentazione-antologie-a-cura-di-ernesto-chiabotto\\\/#primaryimage\"},\"image\":{\"@id\":\"https:\\\/\\\/www.prolocoaltessanovenaria.eu\\\/sito\\\/presentazione-antologie-a-cura-di-ernesto-chiabotto\\\/#primaryimage\"},\"thumbnailUrl\":\"https:\\\/\\\/www.prolocoaltessanovenaria.eu\\\/sito\\\/wp-content\\\/uploads\\\/2023\\\/09\\\/antologie.jpg\",\"datePublished\":\"2023-09-09T06:47:14+00:00\",\"dateModified\":\"2023-09-09T06:51:39+00:00\",\"breadcrumb\":{\"@id\":\"https:\\\/\\\/www.prolocoaltessanovenaria.eu\\\/sito\\\/presentazione-antologie-a-cura-di-ernesto-chiabotto\\\/#breadcrumb\"},\"inLanguage\":\"it-IT\",\"potentialAction\":[{\"@type\":\"ReadAction\",\"target\":[\"https:\\\/\\\/www.prolocoaltessanovenaria.eu\\\/sito\\\/presentazione-antologie-a-cura-di-ernesto-chiabotto\\\/\"]}]},{\"@type\":\"ImageObject\",\"inLanguage\":\"it-IT\",\"@id\":\"https:\\\/\\\/www.prolocoaltessanovenaria.eu\\\/sito\\\/presentazione-antologie-a-cura-di-ernesto-chiabotto\\\/#primaryimage\",\"url\":\"https:\\\/\\\/www.prolocoaltessanovenaria.eu\\\/sito\\\/wp-content\\\/uploads\\\/2023\\\/09\\\/antologie.jpg\",\"contentUrl\":\"https:\\\/\\\/www.prolocoaltessanovenaria.eu\\\/sito\\\/wp-content\\\/uploads\\\/2023\\\/09\\\/antologie.jpg\",\"width\":1080,\"height\":1080},{\"@type\":\"BreadcrumbList\",\"@id\":\"https:\\\/\\\/www.prolocoaltessanovenaria.eu\\\/sito\\\/presentazione-antologie-a-cura-di-ernesto-chiabotto\\\/#breadcrumb\",\"itemListElement\":[{\"@type\":\"ListItem\",\"position\":1,\"name\":\"Home\",\"item\":\"https:\\\/\\\/www.prolocoaltessanovenaria.eu\\\/sito\\\/\"},{\"@type\":\"ListItem\",\"position\":2,\"name\":\"Presentazione Antologie a cura di Ernesto Chiabotto\"}]},{\"@type\":\"WebSite\",\"@id\":\"https:\\\/\\\/www.prolocoaltessanovenaria.eu\\\/sito\\\/#website\",\"url\":\"https:\\\/\\\/www.prolocoaltessanovenaria.eu\\\/sito\\\/\",\"name\":\"ProLoco Altessano Venaria\",\"description\":\"Associazione Turistica ProLoco Altessano Venaria\",\"publisher\":{\"@id\":\"https:\\\/\\\/www.prolocoaltessanovenaria.eu\\\/sito\\\/#organization\"},\"potentialAction\":[{\"@type\":\"SearchAction\",\"target\":{\"@type\":\"EntryPoint\",\"urlTemplate\":\"https:\\\/\\\/www.prolocoaltessanovenaria.eu\\\/sito\\\/?s={search_term_string}\"},\"query-input\":{\"@type\":\"PropertyValueSpecification\",\"valueRequired\":true,\"valueName\":\"search_term_string\"}}],\"inLanguage\":\"it-IT\"},{\"@type\":\"Organization\",\"@id\":\"https:\\\/\\\/www.prolocoaltessanovenaria.eu\\\/sito\\\/#organization\",\"name\":\"ProLoco Altessano Venaria\",\"url\":\"https:\\\/\\\/www.prolocoaltessanovenaria.eu\\\/sito\\\/\",\"logo\":{\"@type\":\"ImageObject\",\"inLanguage\":\"it-IT\",\"@id\":\"https:\\\/\\\/www.prolocoaltessanovenaria.eu\\\/sito\\\/#\\\/schema\\\/logo\\\/image\\\/\",\"url\":\"https:\\\/\\\/www.prolocoaltessanovenaria.eu\\\/sito\\\/wp-content\\\/uploads\\\/2015\\\/03\\\/losanga-logo-pro-loco.png\",\"contentUrl\":\"https:\\\/\\\/www.prolocoaltessanovenaria.eu\\\/sito\\\/wp-content\\\/uploads\\\/2015\\\/03\\\/losanga-logo-pro-loco.png\",\"width\":643,\"height\":143,\"caption\":\"ProLoco Altessano Venaria\"},\"image\":{\"@id\":\"https:\\\/\\\/www.prolocoaltessanovenaria.eu\\\/sito\\\/#\\\/schema\\\/logo\\\/image\\\/\"},\"sameAs\":[\"https:\\\/\\\/www.facebook.com\\\/Associazione-Turistica-Pro-Loco-Altessano-Venaria-Reale-1412029292342779\\\/\",\"https:\\\/\\\/www.instagram.com\\\/proloco_altessano_venaria\\\/\"]},{\"@type\":\"Person\",\"@id\":\"https:\\\/\\\/www.prolocoaltessanovenaria.eu\\\/sito\\\/#\\\/schema\\\/person\\\/68a7d7a6eb0ced6ed31a0d455116b62b\",\"name\":\"redazione\",\"url\":\"https:\\\/\\\/www.prolocoaltessanovenaria.eu\\\/sito\\\/author\\\/redazione\\\/\"}]}<\/script>\n<!-- \/ Yoast SEO plugin. -->","yoast_head_json":{"title":"Presentazione Antologie a cura di Ernesto Chiabotto - ProLoco Altessano Venaria","robots":{"index":"index","follow":"follow","max-snippet":"max-snippet:-1","max-image-preview":"max-image-preview:large","max-video-preview":"max-video-preview:-1"},"canonical":"https:\/\/www.prolocoaltessanovenaria.eu\/sito\/presentazione-antologie-a-cura-di-ernesto-chiabotto\/","og_locale":"it_IT","og_type":"article","og_title":"Presentazione Antologie a cura di Ernesto Chiabotto - ProLoco Altessano Venaria","og_description":"dal 6 al 9 Luglio","og_url":"https:\/\/www.prolocoaltessanovenaria.eu\/sito\/presentazione-antologie-a-cura-di-ernesto-chiabotto\/","og_site_name":"ProLoco Altessano Venaria","article_publisher":"https:\/\/www.facebook.com\/Associazione-Turistica-Pro-Loco-Altessano-Venaria-Reale-1412029292342779\/","article_published_time":"2023-09-09T06:47:14+00:00","article_modified_time":"2023-09-09T06:51:39+00:00","og_image":[{"width":1080,"height":1080,"url":"https:\/\/www.prolocoaltessanovenaria.eu\/sito\/wp-content\/uploads\/2023\/09\/antologie.jpg","type":"image\/jpeg"}],"author":"redazione","twitter_card":"summary_large_image","twitter_misc":{"Scritto da":"redazione","Tempo di lettura stimato":"3 minuti"},"schema":{"@context":"https:\/\/schema.org","@graph":[{"@type":"Article","@id":"https:\/\/www.prolocoaltessanovenaria.eu\/sito\/presentazione-antologie-a-cura-di-ernesto-chiabotto\/#article","isPartOf":{"@id":"https:\/\/www.prolocoaltessanovenaria.eu\/sito\/presentazione-antologie-a-cura-di-ernesto-chiabotto\/"},"author":{"name":"redazione","@id":"https:\/\/www.prolocoaltessanovenaria.eu\/sito\/#\/schema\/person\/68a7d7a6eb0ced6ed31a0d455116b62b"},"headline":"Presentazione Antologie a cura di Ernesto Chiabotto","datePublished":"2023-09-09T06:47:14+00:00","dateModified":"2023-09-09T06:51:39+00:00","mainEntityOfPage":{"@id":"https:\/\/www.prolocoaltessanovenaria.eu\/sito\/presentazione-antologie-a-cura-di-ernesto-chiabotto\/"},"wordCount":293,"publisher":{"@id":"https:\/\/www.prolocoaltessanovenaria.eu\/sito\/#organization"},"image":{"@id":"https:\/\/www.prolocoaltessanovenaria.eu\/sito\/presentazione-antologie-a-cura-di-ernesto-chiabotto\/#primaryimage"},"thumbnailUrl":"https:\/\/www.prolocoaltessanovenaria.eu\/sito\/wp-content\/uploads\/2023\/09\/antologie.jpg","keywords":["ultimo"],"articleSection":["2023","settembre 2023"],"inLanguage":"it-IT"},{"@type":"WebPage","@id":"https:\/\/www.prolocoaltessanovenaria.eu\/sito\/presentazione-antologie-a-cura-di-ernesto-chiabotto\/","url":"https:\/\/www.prolocoaltessanovenaria.eu\/sito\/presentazione-antologie-a-cura-di-ernesto-chiabotto\/","name":"Presentazione Antologie a cura di Ernesto Chiabotto - ProLoco Altessano Venaria","isPartOf":{"@id":"https:\/\/www.prolocoaltessanovenaria.eu\/sito\/#website"},"primaryImageOfPage":{"@id":"https:\/\/www.prolocoaltessanovenaria.eu\/sito\/presentazione-antologie-a-cura-di-ernesto-chiabotto\/#primaryimage"},"image":{"@id":"https:\/\/www.prolocoaltessanovenaria.eu\/sito\/presentazione-antologie-a-cura-di-ernesto-chiabotto\/#primaryimage"},"thumbnailUrl":"https:\/\/www.prolocoaltessanovenaria.eu\/sito\/wp-content\/uploads\/2023\/09\/antologie.jpg","datePublished":"2023-09-09T06:47:14+00:00","dateModified":"2023-09-09T06:51:39+00:00","breadcrumb":{"@id":"https:\/\/www.prolocoaltessanovenaria.eu\/sito\/presentazione-antologie-a-cura-di-ernesto-chiabotto\/#breadcrumb"},"inLanguage":"it-IT","potentialAction":[{"@type":"ReadAction","target":["https:\/\/www.prolocoaltessanovenaria.eu\/sito\/presentazione-antologie-a-cura-di-ernesto-chiabotto\/"]}]},{"@type":"ImageObject","inLanguage":"it-IT","@id":"https:\/\/www.prolocoaltessanovenaria.eu\/sito\/presentazione-antologie-a-cura-di-ernesto-chiabotto\/#primaryimage","url":"https:\/\/www.prolocoaltessanovenaria.eu\/sito\/wp-content\/uploads\/2023\/09\/antologie.jpg","contentUrl":"https:\/\/www.prolocoaltessanovenaria.eu\/sito\/wp-content\/uploads\/2023\/09\/antologie.jpg","width":1080,"height":1080},{"@type":"BreadcrumbList","@id":"https:\/\/www.prolocoaltessanovenaria.eu\/sito\/presentazione-antologie-a-cura-di-ernesto-chiabotto\/#breadcrumb","itemListElement":[{"@type":"ListItem","position":1,"name":"Home","item":"https:\/\/www.prolocoaltessanovenaria.eu\/sito\/"},{"@type":"ListItem","position":2,"name":"Presentazione Antologie a cura di Ernesto Chiabotto"}]},{"@type":"WebSite","@id":"https:\/\/www.prolocoaltessanovenaria.eu\/sito\/#website","url":"https:\/\/www.prolocoaltessanovenaria.eu\/sito\/","name":"ProLoco Altessano Venaria","description":"Associazione Turistica ProLoco Altessano Venaria","publisher":{"@id":"https:\/\/www.prolocoaltessanovenaria.eu\/sito\/#organization"},"potentialAction":[{"@type":"SearchAction","target":{"@type":"EntryPoint","urlTemplate":"https:\/\/www.prolocoaltessanovenaria.eu\/sito\/?s={search_term_string}"},"query-input":{"@type":"PropertyValueSpecification","valueRequired":true,"valueName":"search_term_string"}}],"inLanguage":"it-IT"},{"@type":"Organization","@id":"https:\/\/www.prolocoaltessanovenaria.eu\/sito\/#organization","name":"ProLoco Altessano Venaria","url":"https:\/\/www.prolocoaltessanovenaria.eu\/sito\/","logo":{"@type":"ImageObject","inLanguage":"it-IT","@id":"https:\/\/www.prolocoaltessanovenaria.eu\/sito\/#\/schema\/logo\/image\/","url":"https:\/\/www.prolocoaltessanovenaria.eu\/sito\/wp-content\/uploads\/2015\/03\/losanga-logo-pro-loco.png","contentUrl":"https:\/\/www.prolocoaltessanovenaria.eu\/sito\/wp-content\/uploads\/2015\/03\/losanga-logo-pro-loco.png","width":643,"height":143,"caption":"ProLoco Altessano Venaria"},"image":{"@id":"https:\/\/www.prolocoaltessanovenaria.eu\/sito\/#\/schema\/logo\/image\/"},"sameAs":["https:\/\/www.facebook.com\/Associazione-Turistica-Pro-Loco-Altessano-Venaria-Reale-1412029292342779\/","https:\/\/www.instagram.com\/proloco_altessano_venaria\/"]},{"@type":"Person","@id":"https:\/\/www.prolocoaltessanovenaria.eu\/sito\/#\/schema\/person\/68a7d7a6eb0ced6ed31a0d455116b62b","name":"redazione","url":"https:\/\/www.prolocoaltessanovenaria.eu\/sito\/author\/redazione\/"}]}},"_links":{"self":[{"href":"https:\/\/www.prolocoaltessanovenaria.eu\/sito\/wp-json\/wp\/v2\/posts\/17292","targetHints":{"allow":["GET"]}}],"collection":[{"href":"https:\/\/www.prolocoaltessanovenaria.eu\/sito\/wp-json\/wp\/v2\/posts"}],"about":[{"href":"https:\/\/www.prolocoaltessanovenaria.eu\/sito\/wp-json\/wp\/v2\/types\/post"}],"author":[{"embeddable":true,"href":"https:\/\/www.prolocoaltessanovenaria.eu\/sito\/wp-json\/wp\/v2\/users\/7"}],"replies":[{"embeddable":true,"href":"https:\/\/www.prolocoaltessanovenaria.eu\/sito\/wp-json\/wp\/v2\/comments?post=17292"}],"version-history":[{"count":7,"href":"https:\/\/www.prolocoaltessanovenaria.eu\/sito\/wp-json\/wp\/v2\/posts\/17292\/revisions"}],"predecessor-version":[{"id":17300,"href":"https:\/\/www.prolocoaltessanovenaria.eu\/sito\/wp-json\/wp\/v2\/posts\/17292\/revisions\/17300"}],"wp:featuredmedia":[{"embeddable":true,"href":"https:\/\/www.prolocoaltessanovenaria.eu\/sito\/wp-json\/wp\/v2\/media\/17294"}],"wp:attachment":[{"href":"https:\/\/www.prolocoaltessanovenaria.eu\/sito\/wp-json\/wp\/v2\/media?parent=17292"}],"wp:term":[{"taxonomy":"category","embeddable":true,"href":"https:\/\/www.prolocoaltessanovenaria.eu\/sito\/wp-json\/wp\/v2\/categories?post=17292"},{"taxonomy":"post_tag","embeddable":true,"href":"https:\/\/www.prolocoaltessanovenaria.eu\/sito\/wp-json\/wp\/v2\/tags?post=17292"}],"curies":[{"name":"wp","href":"https:\/\/api.w.org\/{rel}","templated":true}]}}