{"id":18277,"date":"2023-12-02T08:08:52","date_gmt":"2023-12-02T07:08:52","guid":{"rendered":"https:\/\/www.prolocoaltessanovenaria.eu\/sito\/?p=18277"},"modified":"2023-12-07T05:18:46","modified_gmt":"2023-12-07T04:18:46","slug":"poem","status":"publish","type":"post","link":"https:\/\/www.prolocoaltessanovenaria.eu\/sito\/poem\/","title":{"rendered":"poem"},"content":{"rendered":"\t\t<div data-elementor-type=\"wp-post\" data-elementor-id=\"18277\" class=\"elementor elementor-18277\" data-elementor-post-type=\"post\">\n\t\t\t\t\t\t<section class=\"elementor-section elementor-top-section elementor-element elementor-element-5679926c elementor-section-boxed elementor-section-height-default elementor-section-height-default\" data-id=\"5679926c\" data-element_type=\"section\" data-e-type=\"section\">\n\t\t\t\t\t\t<div class=\"elementor-container elementor-column-gap-default\">\n\t\t\t\t\t<div class=\"elementor-column elementor-col-100 elementor-top-column elementor-element elementor-element-3f7e931f\" data-id=\"3f7e931f\" data-element_type=\"column\" data-e-type=\"column\">\n\t\t\t<div class=\"elementor-widget-wrap elementor-element-populated\">\n\t\t\t\t\t\t<div class=\"elementor-element elementor-element-5f2190b7 elementor-widget-divider--view-line_text elementor-widget-divider--element-align-center elementor-widget elementor-widget-divider\" data-id=\"5f2190b7\" data-element_type=\"widget\" data-e-type=\"widget\" data-widget_type=\"divider.default\">\n\t\t\t\t<div class=\"elementor-widget-container\">\n\t\t\t\t\t\t\t<div class=\"elementor-divider\">\n\t\t\t<span class=\"elementor-divider-separator\">\n\t\t\t\t\t\t\t<span class=\"elementor-divider__text elementor-divider__element\">\n\t\t\t\tDal 30 Novembre al 3 Dicembre 2023\t\t\t\t<\/span>\n\t\t\t\t\t\t<\/span>\n\t\t<\/div>\n\t\t\t\t\t\t<\/div>\n\t\t\t\t<\/div>\n\t\t\t\t\t<\/div>\n\t\t<\/div>\n\t\t\t\t\t<\/div>\n\t\t<\/section>\n\t\t\t\t<section class=\"elementor-section elementor-top-section elementor-element elementor-element-18d15325 elementor-section-boxed elementor-section-height-default elementor-section-height-default\" data-id=\"18d15325\" data-element_type=\"section\" data-e-type=\"section\">\n\t\t\t\t\t\t<div class=\"elementor-container elementor-column-gap-default\">\n\t\t\t\t\t<div class=\"elementor-column elementor-col-50 elementor-top-column elementor-element elementor-element-2c939f15\" data-id=\"2c939f15\" data-element_type=\"column\" data-e-type=\"column\">\n\t\t\t<div class=\"elementor-widget-wrap elementor-element-populated\">\n\t\t\t\t\t\t<div class=\"elementor-element elementor-element-612eb1f elementor-widget elementor-widget-text-editor\" data-id=\"612eb1f\" data-element_type=\"widget\" data-e-type=\"widget\" data-widget_type=\"text-editor.default\">\n\t\t\t\t<div class=\"elementor-widget-container\">\n\t\t\t\t\t\t\t\t\t<div class=\"x11i5rnm xat24cr x1mh8g0r x1vvkbs xtlvy1s x126k92a\">\n<div dir=\"auto\">\n<div class=\"xdj266r x11i5rnm xat24cr x1mh8g0r x1vvkbs x126k92a\">\n<div dir=\"auto\">\n<div class=\"x11i5rnm xat24cr x1mh8g0r x1vvkbs xtlvy1s x126k92a\">\n<div dir=\"auto\">\n<div dir=\"auto\">\n<div class=\"x11i5rnm xat24cr x1mh8g0r x1vvkbs xtlvy1s x126k92a\">\n<div dir=\"auto\">\n<div class=\"x11i5rnm xat24cr x1mh8g0r x1vvkbs xtlvy1s x126k92a\">\n<div dir=\"auto\">\n<div class=\"x11i5rnm xat24cr x1mh8g0r x1vvkbs xtlvy1s x126k92a\">\n<div dir=\"auto\">\n<div class=\"x11i5rnm xat24cr x1mh8g0r x1vvkbs xtlvy1s x126k92a\">\n<div dir=\"auto\">\n<div class=\"x11i5rnm xat24cr x1mh8g0r x1vvkbs xtlvy1s x126k92a\">\n<div dir=\"auto\">\n<div dir=\"auto\">\n<div class=\"xdj266r x11i5rnm xat24cr x1mh8g0r x1vvkbs x126k92a\">\n<div dir=\"auto\">\n<div class=\"x11i5rnm xat24cr x1mh8g0r x1vvkbs xtlvy1s x126k92a\">\n<div dir=\"auto\">\n<div class=\"x11i5rnm xat24cr x1mh8g0r x1vvkbs xtlvy1s x126k92a\">\n<div dir=\"auto\">Il progetto \ud835\udde3\ud835\udde2\ud835\uddd8\ud835\udde0 nasce dall\u2019incontro-confronto degli artisti \ud835\udde0\ud835\uddee\ud835\uddff\ud835\uddf4\ud835\uddf5\ud835\uddf2\ud835\uddff\ud835\uddf6\ud835\ude01\ud835\uddee \ud835\uddd6\ud835\uddee\ud835\uddf9\ud835\uddf6\ud835\uddf2\ud835\uddfb\ud835\uddf1\ud835\uddfc, \ud835\uddd4\ud835\uddfb\ud835\uddf4\ud835\uddf2\ud835\uddf9\ud835\uddee \ud835\udde3\ud835\uddfc\ud835\uddf9\ud835\uddf6\ud835\uddf0\ud835\uddee\ud835\ude00\ud835\ude01\ud835\uddff\ud835\uddfc \ud835\udde5\ud835\uddfc\ud835\ude00\ud835\uddee\ud835\uddfb\ud835\uddfb\ud835\uddee \ud835\udde9\ud835\uddfc\ud835\ude01\ud835\ude01\ud835\uddf2\ud835\uddff\ud835\uddfc \ud835\uddf2 \ud835\uddd4\ud835\uddfb\ud835\ude01\ud835\uddfc\ud835\uddfb\ud835\uddf6\ud835\uddfc \ud835\udde5\ud835\uddee\ud835\ude03\ud835\uddf2\ud835\uddff\ud835\uddee, riguardo il grande tema della \ud835\udde1\ud835\uddee\ud835\ude01\ud835\ude02\ud835\uddff\ud835\uddee, raccontato attraverso l\u2019arte e il mito.<\/div>\n<div dir=\"auto\"><br \/>\ud835\uddd4\ud835\uddfb\ud835\uddf4\ud835\uddf2\ud835\uddf9\ud835\uddee \ud835\udde3\ud835\uddfc\ud835\uddf9\ud835\uddf6\ud835\uddf0\ud835\uddee\ud835\ude00\ud835\ude01\ud835\uddff\ud835\uddfc con il suo \u201cLe attese\u201d afferma di affrontare quell\u2019attimo prima del cambiamento \u201ca volte drammatico a volte dolcissimo&#8230;quel momento indeterminato nel quale qualcosa di speciale sembra dover accadere\u201d, mentre \ud835\uddd4\ud835\uddfb\ud835\ude01\ud835\uddfc\ud835\uddfb\ud835\uddf6\ud835\uddfc \ud835\udde5\ud835\uddfc\ud835\ude03\ud835\uddf2\ud835\uddff\ud835\uddee nel suo \u201c\ud835\udddf\ud835\uddee \ud835\uddf1\ud835\uddfc\ud835\uddfb\ud835\uddfb\ud835\uddee \ud835\uddf0\ud835\uddff\ud835\uddf2\ud835\uddee\ud835\ude01\ud835\uddff\ud835\uddf6\ud835\uddf0\ud835\uddf2 \ud835\uddf1\ud835\uddf2\ud835\uddf9 \ud835\uddfa\ud835\uddfc\ud835\uddfb\ud835\uddf1\ud835\uddfc\u201d dice che le religioni sono un concentrato di miti e che \u201cl\u2019origine Umana racconta, nella sua Genesi e nella sua interpretazione del dolore, ci\u00f2 che di pi\u00f9 consolatorio riesca a raccogliere.<\/div>\n<div dir=\"auto\">E\u2019 il dolore che accompagna la nostra esistenza, il nucleo da cui nascono i miti, i miti consolatori.\u201d<\/div>\n<div dir=\"auto\"><br \/>L&#8217;azzurro, le nuvole, le onde, i profumi hanno permesso a \ud835\udde5\ud835\uddfc\ud835\ude00\ud835\uddee\ud835\uddfb\ud835\uddfb\ud835\uddee \ud835\udde9\ud835\uddfc\ud835\ude01\ud835\ude01\ud835\uddf2\ud835\uddff\ud835\uddfc di rendere visibile le personali sensazioni di un tempo. Quel senso di cedevole sofficit\u00e0, divino benessere, sublime incanto che si prova immersi nella natura \u00e8 stato reso visibile in \u201cSenza logica&#8230; senza regole&#8230;solo per amore\u201d.<\/div>\n<div dir=\"auto\">Con \u201c\ud835\udde0\ud835\uddee\ud835\uddf1\ud835\uddff\ud835\uddf2 \ud835\udde7\ud835\uddf2\ud835\uddff\ud835\uddff\ud835\uddee\u201d \ud835\udde0\ud835\uddee\ud835\uddff\ud835\uddf4\ud835\uddf5\ud835\uddf2\ud835\uddff\ud835\uddf6\ud835\ude01\ud835\uddee \ud835\uddd6\ud835\uddee\ud835\uddf9\ud835\uddf6\ud835\uddf2\ud835\uddfb\ud835\uddf1\ud835\uddfc invece ha voluto suggerire un\u2019apertura verso una riflessione pi\u00f9 intima e spirituale della Natura&#8230; perch\u00e8 \u2018\u2026non \u00e8 pi\u00f9 terra, non \u00e8 ancora mare. Non \u00e8 vita falsa, non \u00e8 vita vera. E\u2019 tempo.Tempo che passa. E basta\u2019. (A.Baricco)<\/div>\n<\/div>\n<div class=\"x11i5rnm xat24cr x1mh8g0r x1vvkbs xtlvy1s x126k92a\">\n<div dir=\"auto\"><span class=\"x3nfvp2 x1j61x8r x1fcty0u xdj266r xhhsvwb xat24cr xgzva0m xxymvpz xlup9mm x1kky2od\"><br \/><img decoding=\"async\" class=\"xz74otr\" src=\"https:\/\/static.xx.fbcdn.net\/images\/emoji.php\/v9\/tac\/1\/16\/1f4cc.png\" alt=\"\ud83d\udccc\" width=\"16\" height=\"16\" \/><\/span> \ud835\udddc\ud835\uddfb\ud835\uddee\ud835\ude02\ud835\uddf4\ud835\ude02\ud835\uddff\ud835\uddee\ud835\ude07\ud835\uddf6\ud835\uddfc\ud835\uddfb\ud835\uddf2 \ud835\ude03\ud835\uddf2\ud835\uddfb\ud835\uddf2\ud835\uddff\ud835\uddf1\u00ec \ud835\udfed \ud835\uddf1\ud835\uddf6\ud835\uddf0\ud835\uddf2\ud835\uddfa\ud835\uddef\ud835\uddff\ud835\uddf2, \ud835\uddfc\ud835\uddff\ud835\uddf2 \ud835\udfed\ud835\udff3.<\/div>\n<div dir=\"auto\">La Mostra sar\u00e0 in esposizione presso la Sala Espositiva Comunale &#8220;Gino Vanzi&#8221; in Via Mensa 34, Venaria Reale (To)<\/div>\n<div dir=\"auto\">\ud835\uddf1\ud835\uddee\ud835\uddf9 \ud835\udfef\ud835\udfec \ud835\uddfb\ud835\uddfc\ud835\ude03\ud835\uddf2\ud835\uddfa\ud835\uddef\ud835\uddff\ud835\uddf2 \ud835\uddee\ud835\uddf9 \ud835\udfef \ud835\uddf1\ud835\uddf6\ud835\uddf0\ud835\uddf2\ud835\uddfa\ud835\uddef\ud835\uddff\ud835\uddf2.<\/div>\n<\/div>\n<\/div>\n<\/div>\n<\/div>\n<\/div>\n<\/div>\n<\/div>\n<\/div>\n<\/div>\n<\/div>\n<\/div>\n<\/div>\n<\/div>\n<\/div>\n<\/div>\n<\/div>\n<\/div>\n<\/div>\n<\/div>\n<\/div>\n<\/div>\n<\/div>\n<\/div>\t\t\t\t\t\t\t\t<\/div>\n\t\t\t\t<\/div>\n\t\t\t\t\t<\/div>\n\t\t<\/div>\n\t\t\t\t<div class=\"elementor-column elementor-col-50 elementor-top-column elementor-element elementor-element-536ae0c5\" data-id=\"536ae0c5\" data-element_type=\"column\" data-e-type=\"column\">\n\t\t\t<div class=\"elementor-widget-wrap elementor-element-populated\">\n\t\t\t\t\t\t<div class=\"elementor-element elementor-element-a46479b elementor-widget elementor-widget-theme-post-featured-image elementor-widget-image\" data-id=\"a46479b\" data-element_type=\"widget\" data-e-type=\"widget\" data-widget_type=\"theme-post-featured-image.default\">\n\t\t\t\t<div class=\"elementor-widget-container\">\n\t\t\t\t\t\t\t\t\t\t\t\t\t\t\t<img fetchpriority=\"high\" decoding=\"async\" width=\"509\" height=\"720\" src=\"https:\/\/www.prolocoaltessanovenaria.eu\/sito\/wp-content\/uploads\/2023\/12\/poem.jpg\" class=\"attachment-large size-large wp-image-18281\" alt=\"\" srcset=\"https:\/\/www.prolocoaltessanovenaria.eu\/sito\/wp-content\/uploads\/2023\/12\/poem.jpg 509w, https:\/\/www.prolocoaltessanovenaria.eu\/sito\/wp-content\/uploads\/2023\/12\/poem-212x300.jpg 212w\" sizes=\"(max-width: 509px) 100vw, 509px\" \/>\t\t\t\t\t\t\t\t\t\t\t\t\t\t\t<\/div>\n\t\t\t\t<\/div>\n\t\t\t\t\t<\/div>\n\t\t<\/div>\n\t\t\t\t\t<\/div>\n\t\t<\/section>\n\t\t\t\t<section class=\"elementor-section elementor-top-section elementor-element elementor-element-72775b42 elementor-section-boxed elementor-section-height-default elementor-section-height-default\" data-id=\"72775b42\" data-element_type=\"section\" data-e-type=\"section\">\n\t\t\t\t\t\t<div class=\"elementor-container elementor-column-gap-default\">\n\t\t\t\t\t<div class=\"elementor-column elementor-col-100 elementor-top-column elementor-element elementor-element-17804146\" data-id=\"17804146\" data-element_type=\"column\" data-e-type=\"column\">\n\t\t\t<div class=\"elementor-widget-wrap elementor-element-populated\">\n\t\t\t\t\t\t<div class=\"elementor-element elementor-element-112fefac elementor-widget elementor-widget-spacer\" data-id=\"112fefac\" data-element_type=\"widget\" data-e-type=\"widget\" data-widget_type=\"spacer.default\">\n\t\t\t\t<div class=\"elementor-widget-container\">\n\t\t\t\t\t\t\t<div class=\"elementor-spacer\">\n\t\t\t<div class=\"elementor-spacer-inner\"><\/div>\n\t\t<\/div>\n\t\t\t\t\t\t<\/div>\n\t\t\t\t<\/div>\n\t\t\t\t\t<\/div>\n\t\t<\/div>\n\t\t\t\t\t<\/div>\n\t\t<\/section>\n\t\t\t\t<section class=\"elementor-section elementor-top-section elementor-element elementor-element-a958e9c elementor-hidden-desktop elementor-hidden-tablet elementor-hidden-mobile elementor-section-boxed elementor-section-height-default elementor-section-height-default\" data-id=\"a958e9c\" data-element_type=\"section\" data-e-type=\"section\">\n\t\t\t\t\t\t<div class=\"elementor-container elementor-column-gap-default\">\n\t\t\t\t\t<div class=\"elementor-column elementor-col-100 elementor-top-column elementor-element elementor-element-710d9030\" data-id=\"710d9030\" data-element_type=\"column\" data-e-type=\"column\">\n\t\t\t<div class=\"elementor-widget-wrap elementor-element-populated\">\n\t\t\t\t\t\t<div class=\"elementor-element elementor-element-5a534fcc elementor-cta--skin-classic elementor-animated-content elementor-bg-transform elementor-bg-transform-zoom-in elementor-widget elementor-widget-call-to-action\" data-id=\"5a534fcc\" data-element_type=\"widget\" data-e-type=\"widget\" data-widget_type=\"call-to-action.default\">\n\t\t\t\t<div class=\"elementor-widget-container\">\n\t\t\t\t\t\t\t<a class=\"elementor-cta\" href=\"https:\/\/fb.watch\/o6_L_gvqLk\/\" target=\"_blank\">\n\t\t\t\t\t<div class=\"elementor-cta__bg-wrapper\">\n\t\t\t\t<div class=\"elementor-cta__bg elementor-bg\" style=\"background-image: url(https:\/\/www.prolocoaltessanovenaria.eu\/sito\/wp-content\/uploads\/2023\/03\/film-ga53e467bf_1280-1024x724.jpg);\" role=\"img\" aria-label=\"film-ga53e467bf_1280\"><\/div>\n\t\t\t\t<div class=\"elementor-cta__bg-overlay\"><\/div>\n\t\t\t<\/div>\n\t\t\t\t\t\t\t<div class=\"elementor-cta__content\">\n\t\t\t\t\n\t\t\t\t\t\t\t\t\t<h2 class=\"elementor-cta__title elementor-cta__content-item elementor-content-item\">\n\t\t\t\t\t\tVideo dell'inaugurazione\t\t\t\t\t<\/h2>\n\t\t\t\t\n\t\t\t\t\t\t\t\t\t<div class=\"elementor-cta__description elementor-cta__content-item elementor-content-item\">\n\t\t\t\t\t\tUna Mostra straordinaria sui pi\u00f9 noti pittori venariesi del '900 - \"Dal Veneto a Venaria Reale\" -, con le opere di maestri quali \ud835\udddf\ud835\uddee\ud835\ude07\ud835\ude07\ud835\uddee\ud835\uddff\ud835\uddfc\ud835\ude01\ud835\ude01\ud835\uddfc, \ud835\uddda\ud835\uddf6\ud835\uddee\ud835\uddfb\ud835\uddf2\ud835\ude00\ud835\uddf6\ud835\uddfb\ud835\uddf6, \ud835\uddd6\ud835\uddee\ud835\uddff\ud835\uddfd\ud835\uddee\ud835\uddfb\ud835\uddf2\ud835\uddf1\ud835\uddfc e \ud835\udde0\ud835\uddee\ud835\uddef\ud835\uddfc\ud835\uddf9\ud835\uddfc.\nCon essi si ripercorrer\u00e0 una storia comune al nostro territorio venariese fatta di immigrazione, lavoro e arte.\n\t\t\t\t\t<\/div>\n\t\t\t\t\n\t\t\t\t\t\t\t\t\t<div class=\"elementor-cta__button-wrapper elementor-cta__content-item elementor-content-item \">\n\t\t\t\t\t<span class=\"elementor-cta__button elementor-button elementor-size-\">\n\t\t\t\t\t\tGuarda il video su Facebook\t\t\t\t\t<\/span>\n\t\t\t\t\t<\/div>\n\t\t\t\t\t\t\t<\/div>\n\t\t\t\t\t\t\t<div class=\"elementor-ribbon\">\n\t\t\t\t<div class=\"elementor-ribbon-inner\">\n\t\t\t\t\tvideo\t\t\t\t<\/div>\n\t\t\t<\/div>\n\t\t\t\t<\/a>\n\t\t\t\t\t\t<\/div>\n\t\t\t\t<\/div>\n\t\t\t\t\t<\/div>\n\t\t<\/div>\n\t\t\t\t\t<\/div>\n\t\t<\/section>\n\t\t<div class=\"elementor-element elementor-element-956b067 e-flex e-con-boxed e-con e-parent\" data-id=\"956b067\" data-element_type=\"container\" data-e-type=\"container\">\n\t\t\t\t\t<div class=\"e-con-inner\">\n\t\t\t\t<div class=\"elementor-element elementor-element-297daf8 elementor-hidden-desktop elementor-hidden-tablet elementor-hidden-mobile elementor-widget elementor-widget-gallery\" data-id=\"297daf8\" data-element_type=\"widget\" data-e-type=\"widget\" data-settings=\"{&quot;columns&quot;:3,&quot;aspect_ratio&quot;:&quot;1:1&quot;,&quot;lazyload&quot;:&quot;yes&quot;,&quot;gallery_layout&quot;:&quot;grid&quot;,&quot;columns_tablet&quot;:2,&quot;columns_mobile&quot;:1,&quot;gap&quot;:{&quot;unit&quot;:&quot;px&quot;,&quot;size&quot;:10,&quot;sizes&quot;:[]},&quot;gap_tablet&quot;:{&quot;unit&quot;:&quot;px&quot;,&quot;size&quot;:10,&quot;sizes&quot;:[]},&quot;gap_mobile&quot;:{&quot;unit&quot;:&quot;px&quot;,&quot;size&quot;:10,&quot;sizes&quot;:[]},&quot;link_to&quot;:&quot;file&quot;,&quot;overlay_background&quot;:&quot;yes&quot;,&quot;content_hover_animation&quot;:&quot;fade-in&quot;}\" data-widget_type=\"gallery.default\">\n\t\t\t\t<div class=\"elementor-widget-container\">\n\t\t\t\t\t\t\t<div class=\"elementor-gallery__container\">\n\t\t\t\t\t\t\t<a class=\"e-gallery-item elementor-gallery-item elementor-animated-content\" href=\"https:\/\/www.prolocoaltessanovenaria.eu\/sito\/wp-content\/uploads\/2023\/09\/IMG20230903112919.jpg\" data-elementor-open-lightbox=\"yes\" data-elementor-lightbox-slideshow=\"297daf8\" data-elementor-lightbox-title=\"IMG20230903112919\" data-e-action-hash=\"#elementor-action%3Aaction%3Dlightbox%26settings%3DeyJpZCI6MTcyMzYsInVybCI6Imh0dHBzOlwvXC93d3cucHJvbG9jb2FsdGVzc2Fub3ZlbmFyaWEuZXVcL3NpdG9cL3dwLWNvbnRlbnRcL3VwbG9hZHNcLzIwMjNcLzA5XC9JTUcyMDIzMDkwMzExMjkxOS5qcGciLCJzbGlkZXNob3ciOiIyOTdkYWY4In0%3D\">\n\t\t\t\t\t<div class=\"e-gallery-image elementor-gallery-item__image\" data-thumbnail=\"https:\/\/www.prolocoaltessanovenaria.eu\/sito\/wp-content\/uploads\/2023\/09\/IMG20230903112919-300x225.jpg\" data-width=\"300\" data-height=\"225\" aria-label=\"\" role=\"img\" ><\/div>\n\t\t\t\t\t\t\t\t\t\t\t<div class=\"elementor-gallery-item__overlay\"><\/div>\n\t\t\t\t\t\t\t\t\t\t\t\t\t\t<\/a>\n\t\t\t\t\t\t\t<a class=\"e-gallery-item elementor-gallery-item elementor-animated-content\" href=\"https:\/\/www.prolocoaltessanovenaria.eu\/sito\/wp-content\/uploads\/2023\/09\/IMG20230903112925.jpg\" data-elementor-open-lightbox=\"yes\" data-elementor-lightbox-slideshow=\"297daf8\" data-elementor-lightbox-title=\"IMG20230903112925\" data-e-action-hash=\"#elementor-action%3Aaction%3Dlightbox%26settings%3DeyJpZCI6MTcyMzcsInVybCI6Imh0dHBzOlwvXC93d3cucHJvbG9jb2FsdGVzc2Fub3ZlbmFyaWEuZXVcL3NpdG9cL3dwLWNvbnRlbnRcL3VwbG9hZHNcLzIwMjNcLzA5XC9JTUcyMDIzMDkwMzExMjkyNS5qcGciLCJzbGlkZXNob3ciOiIyOTdkYWY4In0%3D\">\n\t\t\t\t\t<div class=\"e-gallery-image elementor-gallery-item__image\" data-thumbnail=\"https:\/\/www.prolocoaltessanovenaria.eu\/sito\/wp-content\/uploads\/2023\/09\/IMG20230903112925-225x300.jpg\" data-width=\"225\" data-height=\"300\" aria-label=\"\" role=\"img\" ><\/div>\n\t\t\t\t\t\t\t\t\t\t\t<div class=\"elementor-gallery-item__overlay\"><\/div>\n\t\t\t\t\t\t\t\t\t\t\t\t\t\t<\/a>\n\t\t\t\t\t\t\t<a class=\"e-gallery-item elementor-gallery-item elementor-animated-content\" href=\"https:\/\/www.prolocoaltessanovenaria.eu\/sito\/wp-content\/uploads\/2023\/09\/IMG20230903112934.jpg\" data-elementor-open-lightbox=\"yes\" data-elementor-lightbox-slideshow=\"297daf8\" data-elementor-lightbox-title=\"IMG20230903112934\" data-e-action-hash=\"#elementor-action%3Aaction%3Dlightbox%26settings%3DeyJpZCI6MTcyMzgsInVybCI6Imh0dHBzOlwvXC93d3cucHJvbG9jb2FsdGVzc2Fub3ZlbmFyaWEuZXVcL3NpdG9cL3dwLWNvbnRlbnRcL3VwbG9hZHNcLzIwMjNcLzA5XC9JTUcyMDIzMDkwMzExMjkzNC5qcGciLCJzbGlkZXNob3ciOiIyOTdkYWY4In0%3D\">\n\t\t\t\t\t<div class=\"e-gallery-image elementor-gallery-item__image\" data-thumbnail=\"https:\/\/www.prolocoaltessanovenaria.eu\/sito\/wp-content\/uploads\/2023\/09\/IMG20230903112934-300x225.jpg\" data-width=\"300\" data-height=\"225\" aria-label=\"\" role=\"img\" ><\/div>\n\t\t\t\t\t\t\t\t\t\t\t<div class=\"elementor-gallery-item__overlay\"><\/div>\n\t\t\t\t\t\t\t\t\t\t\t\t\t\t<\/a>\n\t\t\t\t\t\t\t<a class=\"e-gallery-item elementor-gallery-item elementor-animated-content\" href=\"https:\/\/www.prolocoaltessanovenaria.eu\/sito\/wp-content\/uploads\/2023\/09\/IMG20230903112937.jpg\" data-elementor-open-lightbox=\"yes\" data-elementor-lightbox-slideshow=\"297daf8\" data-elementor-lightbox-title=\"IMG20230903112937\" data-e-action-hash=\"#elementor-action%3Aaction%3Dlightbox%26settings%3DeyJpZCI6MTcyMzksInVybCI6Imh0dHBzOlwvXC93d3cucHJvbG9jb2FsdGVzc2Fub3ZlbmFyaWEuZXVcL3NpdG9cL3dwLWNvbnRlbnRcL3VwbG9hZHNcLzIwMjNcLzA5XC9JTUcyMDIzMDkwMzExMjkzNy5qcGciLCJzbGlkZXNob3ciOiIyOTdkYWY4In0%3D\">\n\t\t\t\t\t<div class=\"e-gallery-image elementor-gallery-item__image\" data-thumbnail=\"https:\/\/www.prolocoaltessanovenaria.eu\/sito\/wp-content\/uploads\/2023\/09\/IMG20230903112937-300x225.jpg\" data-width=\"300\" data-height=\"225\" aria-label=\"\" role=\"img\" ><\/div>\n\t\t\t\t\t\t\t\t\t\t\t<div class=\"elementor-gallery-item__overlay\"><\/div>\n\t\t\t\t\t\t\t\t\t\t\t\t\t\t<\/a>\n\t\t\t\t\t\t\t<a class=\"e-gallery-item elementor-gallery-item elementor-animated-content\" href=\"https:\/\/www.prolocoaltessanovenaria.eu\/sito\/wp-content\/uploads\/2023\/09\/IMG20230903112940.jpg\" data-elementor-open-lightbox=\"yes\" data-elementor-lightbox-slideshow=\"297daf8\" data-elementor-lightbox-title=\"IMG20230903112940\" data-e-action-hash=\"#elementor-action%3Aaction%3Dlightbox%26settings%3DeyJpZCI6MTcyNDAsInVybCI6Imh0dHBzOlwvXC93d3cucHJvbG9jb2FsdGVzc2Fub3ZlbmFyaWEuZXVcL3NpdG9cL3dwLWNvbnRlbnRcL3VwbG9hZHNcLzIwMjNcLzA5XC9JTUcyMDIzMDkwMzExMjk0MC5qcGciLCJzbGlkZXNob3ciOiIyOTdkYWY4In0%3D\">\n\t\t\t\t\t<div class=\"e-gallery-image elementor-gallery-item__image\" data-thumbnail=\"https:\/\/www.prolocoaltessanovenaria.eu\/sito\/wp-content\/uploads\/2023\/09\/IMG20230903112940-300x225.jpg\" data-width=\"300\" data-height=\"225\" aria-label=\"\" role=\"img\" ><\/div>\n\t\t\t\t\t\t\t\t\t\t\t<div class=\"elementor-gallery-item__overlay\"><\/div>\n\t\t\t\t\t\t\t\t\t\t\t\t\t\t<\/a>\n\t\t\t\t\t\t\t<a class=\"e-gallery-item elementor-gallery-item elementor-animated-content\" href=\"https:\/\/www.prolocoaltessanovenaria.eu\/sito\/wp-content\/uploads\/2023\/09\/IMG20230903112948.jpg\" data-elementor-open-lightbox=\"yes\" data-elementor-lightbox-slideshow=\"297daf8\" data-elementor-lightbox-title=\"IMG20230903112948\" data-e-action-hash=\"#elementor-action%3Aaction%3Dlightbox%26settings%3DeyJpZCI6MTcyNDEsInVybCI6Imh0dHBzOlwvXC93d3cucHJvbG9jb2FsdGVzc2Fub3ZlbmFyaWEuZXVcL3NpdG9cL3dwLWNvbnRlbnRcL3VwbG9hZHNcLzIwMjNcLzA5XC9JTUcyMDIzMDkwMzExMjk0OC5qcGciLCJzbGlkZXNob3ciOiIyOTdkYWY4In0%3D\">\n\t\t\t\t\t<div class=\"e-gallery-image elementor-gallery-item__image\" data-thumbnail=\"https:\/\/www.prolocoaltessanovenaria.eu\/sito\/wp-content\/uploads\/2023\/09\/IMG20230903112948-300x225.jpg\" data-width=\"300\" data-height=\"225\" aria-label=\"\" role=\"img\" ><\/div>\n\t\t\t\t\t\t\t\t\t\t\t<div class=\"elementor-gallery-item__overlay\"><\/div>\n\t\t\t\t\t\t\t\t\t\t\t\t\t\t<\/a>\n\t\t\t\t\t\t\t<a class=\"e-gallery-item elementor-gallery-item elementor-animated-content\" href=\"https:\/\/www.prolocoaltessanovenaria.eu\/sito\/wp-content\/uploads\/2023\/09\/IMG20230903112954.jpg\" data-elementor-open-lightbox=\"yes\" data-elementor-lightbox-slideshow=\"297daf8\" data-elementor-lightbox-title=\"IMG20230903112954\" data-e-action-hash=\"#elementor-action%3Aaction%3Dlightbox%26settings%3DeyJpZCI6MTcyNDIsInVybCI6Imh0dHBzOlwvXC93d3cucHJvbG9jb2FsdGVzc2Fub3ZlbmFyaWEuZXVcL3NpdG9cL3dwLWNvbnRlbnRcL3VwbG9hZHNcLzIwMjNcLzA5XC9JTUcyMDIzMDkwMzExMjk1NC5qcGciLCJzbGlkZXNob3ciOiIyOTdkYWY4In0%3D\">\n\t\t\t\t\t<div class=\"e-gallery-image elementor-gallery-item__image\" data-thumbnail=\"https:\/\/www.prolocoaltessanovenaria.eu\/sito\/wp-content\/uploads\/2023\/09\/IMG20230903112954-300x225.jpg\" data-width=\"300\" data-height=\"225\" aria-label=\"\" role=\"img\" ><\/div>\n\t\t\t\t\t\t\t\t\t\t\t<div class=\"elementor-gallery-item__overlay\"><\/div>\n\t\t\t\t\t\t\t\t\t\t\t\t\t\t<\/a>\n\t\t\t\t\t\t\t<a class=\"e-gallery-item elementor-gallery-item elementor-animated-content\" href=\"https:\/\/www.prolocoaltessanovenaria.eu\/sito\/wp-content\/uploads\/2023\/09\/IMG20230903113001.jpg\" data-elementor-open-lightbox=\"yes\" data-elementor-lightbox-slideshow=\"297daf8\" data-elementor-lightbox-title=\"IMG20230903113001\" data-e-action-hash=\"#elementor-action%3Aaction%3Dlightbox%26settings%3DeyJpZCI6MTcyNDMsInVybCI6Imh0dHBzOlwvXC93d3cucHJvbG9jb2FsdGVzc2Fub3ZlbmFyaWEuZXVcL3NpdG9cL3dwLWNvbnRlbnRcL3VwbG9hZHNcLzIwMjNcLzA5XC9JTUcyMDIzMDkwMzExMzAwMS5qcGciLCJzbGlkZXNob3ciOiIyOTdkYWY4In0%3D\">\n\t\t\t\t\t<div class=\"e-gallery-image elementor-gallery-item__image\" data-thumbnail=\"https:\/\/www.prolocoaltessanovenaria.eu\/sito\/wp-content\/uploads\/2023\/09\/IMG20230903113001-225x300.jpg\" data-width=\"225\" data-height=\"300\" aria-label=\"\" role=\"img\" ><\/div>\n\t\t\t\t\t\t\t\t\t\t\t<div class=\"elementor-gallery-item__overlay\"><\/div>\n\t\t\t\t\t\t\t\t\t\t\t\t\t\t<\/a>\n\t\t\t\t\t\t\t<a class=\"e-gallery-item elementor-gallery-item elementor-animated-content\" href=\"https:\/\/www.prolocoaltessanovenaria.eu\/sito\/wp-content\/uploads\/2023\/09\/IMG20230903113006.jpg\" data-elementor-open-lightbox=\"yes\" data-elementor-lightbox-slideshow=\"297daf8\" data-elementor-lightbox-title=\"IMG20230903113006\" data-e-action-hash=\"#elementor-action%3Aaction%3Dlightbox%26settings%3DeyJpZCI6MTcyNDQsInVybCI6Imh0dHBzOlwvXC93d3cucHJvbG9jb2FsdGVzc2Fub3ZlbmFyaWEuZXVcL3NpdG9cL3dwLWNvbnRlbnRcL3VwbG9hZHNcLzIwMjNcLzA5XC9JTUcyMDIzMDkwMzExMzAwNi5qcGciLCJzbGlkZXNob3ciOiIyOTdkYWY4In0%3D\">\n\t\t\t\t\t<div class=\"e-gallery-image elementor-gallery-item__image\" data-thumbnail=\"https:\/\/www.prolocoaltessanovenaria.eu\/sito\/wp-content\/uploads\/2023\/09\/IMG20230903113006-225x300.jpg\" data-width=\"225\" data-height=\"300\" aria-label=\"\" role=\"img\" ><\/div>\n\t\t\t\t\t\t\t\t\t\t\t<div class=\"elementor-gallery-item__overlay\"><\/div>\n\t\t\t\t\t\t\t\t\t\t\t\t\t\t<\/a>\n\t\t\t\t\t\t\t<a class=\"e-gallery-item elementor-gallery-item elementor-animated-content\" href=\"https:\/\/www.prolocoaltessanovenaria.eu\/sito\/wp-content\/uploads\/2023\/09\/IMG20230903113012.jpg\" data-elementor-open-lightbox=\"yes\" data-elementor-lightbox-slideshow=\"297daf8\" data-elementor-lightbox-title=\"IMG20230903113012\" data-e-action-hash=\"#elementor-action%3Aaction%3Dlightbox%26settings%3DeyJpZCI6MTcyNDUsInVybCI6Imh0dHBzOlwvXC93d3cucHJvbG9jb2FsdGVzc2Fub3ZlbmFyaWEuZXVcL3NpdG9cL3dwLWNvbnRlbnRcL3VwbG9hZHNcLzIwMjNcLzA5XC9JTUcyMDIzMDkwMzExMzAxMi5qcGciLCJzbGlkZXNob3ciOiIyOTdkYWY4In0%3D\">\n\t\t\t\t\t<div class=\"e-gallery-image elementor-gallery-item__image\" data-thumbnail=\"https:\/\/www.prolocoaltessanovenaria.eu\/sito\/wp-content\/uploads\/2023\/09\/IMG20230903113012-225x300.jpg\" data-width=\"225\" data-height=\"300\" aria-label=\"\" role=\"img\" ><\/div>\n\t\t\t\t\t\t\t\t\t\t\t<div class=\"elementor-gallery-item__overlay\"><\/div>\n\t\t\t\t\t\t\t\t\t\t\t\t\t\t<\/a>\n\t\t\t\t\t\t\t<a class=\"e-gallery-item elementor-gallery-item elementor-animated-content\" href=\"https:\/\/www.prolocoaltessanovenaria.eu\/sito\/wp-content\/uploads\/2023\/09\/ritagli-darte-1.jpg\" data-elementor-open-lightbox=\"yes\" data-elementor-lightbox-slideshow=\"297daf8\" data-elementor-lightbox-title=\"ritagli darte (1)\" data-e-action-hash=\"#elementor-action%3Aaction%3Dlightbox%26settings%3DeyJpZCI6MTcyNDYsInVybCI6Imh0dHBzOlwvXC93d3cucHJvbG9jb2FsdGVzc2Fub3ZlbmFyaWEuZXVcL3NpdG9cL3dwLWNvbnRlbnRcL3VwbG9hZHNcLzIwMjNcLzA5XC9yaXRhZ2xpLWRhcnRlLTEuanBnIiwic2xpZGVzaG93IjoiMjk3ZGFmOCJ9\">\n\t\t\t\t\t<div class=\"e-gallery-image elementor-gallery-item__image\" data-thumbnail=\"https:\/\/www.prolocoaltessanovenaria.eu\/sito\/wp-content\/uploads\/2023\/09\/ritagli-darte-1-300x225.jpg\" data-width=\"300\" data-height=\"225\" aria-label=\"\" role=\"img\" ><\/div>\n\t\t\t\t\t\t\t\t\t\t\t<div class=\"elementor-gallery-item__overlay\"><\/div>\n\t\t\t\t\t\t\t\t\t\t\t\t\t\t<\/a>\n\t\t\t\t\t\t\t<a class=\"e-gallery-item elementor-gallery-item elementor-animated-content\" href=\"https:\/\/www.prolocoaltessanovenaria.eu\/sito\/wp-content\/uploads\/2023\/09\/ritagli-darte-2.jpg\" data-elementor-open-lightbox=\"yes\" data-elementor-lightbox-slideshow=\"297daf8\" data-elementor-lightbox-title=\"ritagli darte (2)\" data-e-action-hash=\"#elementor-action%3Aaction%3Dlightbox%26settings%3DeyJpZCI6MTcyNDcsInVybCI6Imh0dHBzOlwvXC93d3cucHJvbG9jb2FsdGVzc2Fub3ZlbmFyaWEuZXVcL3NpdG9cL3dwLWNvbnRlbnRcL3VwbG9hZHNcLzIwMjNcLzA5XC9yaXRhZ2xpLWRhcnRlLTIuanBnIiwic2xpZGVzaG93IjoiMjk3ZGFmOCJ9\">\n\t\t\t\t\t<div class=\"e-gallery-image elementor-gallery-item__image\" data-thumbnail=\"https:\/\/www.prolocoaltessanovenaria.eu\/sito\/wp-content\/uploads\/2023\/09\/ritagli-darte-2-300x225.jpg\" data-width=\"300\" data-height=\"225\" aria-label=\"\" role=\"img\" ><\/div>\n\t\t\t\t\t\t\t\t\t\t\t<div class=\"elementor-gallery-item__overlay\"><\/div>\n\t\t\t\t\t\t\t\t\t\t\t\t\t\t<\/a>\n\t\t\t\t\t\t\t<a class=\"e-gallery-item elementor-gallery-item elementor-animated-content\" href=\"https:\/\/www.prolocoaltessanovenaria.eu\/sito\/wp-content\/uploads\/2023\/09\/ritagli-darte-3.jpg\" data-elementor-open-lightbox=\"yes\" data-elementor-lightbox-slideshow=\"297daf8\" data-elementor-lightbox-title=\"ritagli darte (3)\" data-e-action-hash=\"#elementor-action%3Aaction%3Dlightbox%26settings%3DeyJpZCI6MTcyNDgsInVybCI6Imh0dHBzOlwvXC93d3cucHJvbG9jb2FsdGVzc2Fub3ZlbmFyaWEuZXVcL3NpdG9cL3dwLWNvbnRlbnRcL3VwbG9hZHNcLzIwMjNcLzA5XC9yaXRhZ2xpLWRhcnRlLTMuanBnIiwic2xpZGVzaG93IjoiMjk3ZGFmOCJ9\">\n\t\t\t\t\t<div class=\"e-gallery-image elementor-gallery-item__image\" data-thumbnail=\"https:\/\/www.prolocoaltessanovenaria.eu\/sito\/wp-content\/uploads\/2023\/09\/ritagli-darte-3-300x225.jpg\" data-width=\"300\" data-height=\"225\" aria-label=\"\" role=\"img\" ><\/div>\n\t\t\t\t\t\t\t\t\t\t\t<div class=\"elementor-gallery-item__overlay\"><\/div>\n\t\t\t\t\t\t\t\t\t\t\t\t\t\t<\/a>\n\t\t\t\t\t\t\t<a class=\"e-gallery-item elementor-gallery-item elementor-animated-content\" href=\"https:\/\/www.prolocoaltessanovenaria.eu\/sito\/wp-content\/uploads\/2023\/09\/ritagli-darte-4.jpg\" data-elementor-open-lightbox=\"yes\" data-elementor-lightbox-slideshow=\"297daf8\" data-elementor-lightbox-title=\"ritagli darte (4)\" data-e-action-hash=\"#elementor-action%3Aaction%3Dlightbox%26settings%3DeyJpZCI6MTcyNDksInVybCI6Imh0dHBzOlwvXC93d3cucHJvbG9jb2FsdGVzc2Fub3ZlbmFyaWEuZXVcL3NpdG9cL3dwLWNvbnRlbnRcL3VwbG9hZHNcLzIwMjNcLzA5XC9yaXRhZ2xpLWRhcnRlLTQuanBnIiwic2xpZGVzaG93IjoiMjk3ZGFmOCJ9\">\n\t\t\t\t\t<div class=\"e-gallery-image elementor-gallery-item__image\" data-thumbnail=\"https:\/\/www.prolocoaltessanovenaria.eu\/sito\/wp-content\/uploads\/2023\/09\/ritagli-darte-4-300x225.jpg\" data-width=\"300\" data-height=\"225\" aria-label=\"\" role=\"img\" ><\/div>\n\t\t\t\t\t\t\t\t\t\t\t<div class=\"elementor-gallery-item__overlay\"><\/div>\n\t\t\t\t\t\t\t\t\t\t\t\t\t\t<\/a>\n\t\t\t\t\t\t\t<a class=\"e-gallery-item elementor-gallery-item elementor-animated-content\" href=\"https:\/\/www.prolocoaltessanovenaria.eu\/sito\/wp-content\/uploads\/2023\/09\/ritagli-darte-5.jpg\" data-elementor-open-lightbox=\"yes\" data-elementor-lightbox-slideshow=\"297daf8\" data-elementor-lightbox-title=\"ritagli darte (5)\" data-e-action-hash=\"#elementor-action%3Aaction%3Dlightbox%26settings%3DeyJpZCI6MTcyNTAsInVybCI6Imh0dHBzOlwvXC93d3cucHJvbG9jb2FsdGVzc2Fub3ZlbmFyaWEuZXVcL3NpdG9cL3dwLWNvbnRlbnRcL3VwbG9hZHNcLzIwMjNcLzA5XC9yaXRhZ2xpLWRhcnRlLTUuanBnIiwic2xpZGVzaG93IjoiMjk3ZGFmOCJ9\">\n\t\t\t\t\t<div class=\"e-gallery-image elementor-gallery-item__image\" data-thumbnail=\"https:\/\/www.prolocoaltessanovenaria.eu\/sito\/wp-content\/uploads\/2023\/09\/ritagli-darte-5-300x225.jpg\" data-width=\"300\" data-height=\"225\" aria-label=\"\" role=\"img\" ><\/div>\n\t\t\t\t\t\t\t\t\t\t\t<div class=\"elementor-gallery-item__overlay\"><\/div>\n\t\t\t\t\t\t\t\t\t\t\t\t\t\t<\/a>\n\t\t\t\t\t\t\t<a class=\"e-gallery-item elementor-gallery-item elementor-animated-content\" href=\"https:\/\/www.prolocoaltessanovenaria.eu\/sito\/wp-content\/uploads\/2023\/09\/ritagli-darte-6.jpg\" data-elementor-open-lightbox=\"yes\" data-elementor-lightbox-slideshow=\"297daf8\" data-elementor-lightbox-title=\"ritagli darte (6)\" data-e-action-hash=\"#elementor-action%3Aaction%3Dlightbox%26settings%3DeyJpZCI6MTcyNTEsInVybCI6Imh0dHBzOlwvXC93d3cucHJvbG9jb2FsdGVzc2Fub3ZlbmFyaWEuZXVcL3NpdG9cL3dwLWNvbnRlbnRcL3VwbG9hZHNcLzIwMjNcLzA5XC9yaXRhZ2xpLWRhcnRlLTYuanBnIiwic2xpZGVzaG93IjoiMjk3ZGFmOCJ9\">\n\t\t\t\t\t<div class=\"e-gallery-image elementor-gallery-item__image\" data-thumbnail=\"https:\/\/www.prolocoaltessanovenaria.eu\/sito\/wp-content\/uploads\/2023\/09\/ritagli-darte-6-300x225.jpg\" data-width=\"300\" data-height=\"225\" aria-label=\"\" role=\"img\" ><\/div>\n\t\t\t\t\t\t\t\t\t\t\t<div class=\"elementor-gallery-item__overlay\"><\/div>\n\t\t\t\t\t\t\t\t\t\t\t\t\t\t<\/a>\n\t\t\t\t\t\t\t<a class=\"e-gallery-item elementor-gallery-item elementor-animated-content\" href=\"https:\/\/www.prolocoaltessanovenaria.eu\/sito\/wp-content\/uploads\/2023\/09\/ritagli-darte-7.jpg\" data-elementor-open-lightbox=\"yes\" data-elementor-lightbox-slideshow=\"297daf8\" data-elementor-lightbox-title=\"ritagli darte (7)\" data-e-action-hash=\"#elementor-action%3Aaction%3Dlightbox%26settings%3DeyJpZCI6MTcyNTIsInVybCI6Imh0dHBzOlwvXC93d3cucHJvbG9jb2FsdGVzc2Fub3ZlbmFyaWEuZXVcL3NpdG9cL3dwLWNvbnRlbnRcL3VwbG9hZHNcLzIwMjNcLzA5XC9yaXRhZ2xpLWRhcnRlLTcuanBnIiwic2xpZGVzaG93IjoiMjk3ZGFmOCJ9\">\n\t\t\t\t\t<div class=\"e-gallery-image elementor-gallery-item__image\" data-thumbnail=\"https:\/\/www.prolocoaltessanovenaria.eu\/sito\/wp-content\/uploads\/2023\/09\/ritagli-darte-7-225x300.jpg\" data-width=\"225\" data-height=\"300\" aria-label=\"\" role=\"img\" ><\/div>\n\t\t\t\t\t\t\t\t\t\t\t<div class=\"elementor-gallery-item__overlay\"><\/div>\n\t\t\t\t\t\t\t\t\t\t\t\t\t\t<\/a>\n\t\t\t\t\t\t\t<a class=\"e-gallery-item elementor-gallery-item elementor-animated-content\" href=\"https:\/\/www.prolocoaltessanovenaria.eu\/sito\/wp-content\/uploads\/2023\/09\/ritagli-darte-8.jpg\" data-elementor-open-lightbox=\"yes\" data-elementor-lightbox-slideshow=\"297daf8\" data-elementor-lightbox-title=\"ritagli darte (8)\" data-e-action-hash=\"#elementor-action%3Aaction%3Dlightbox%26settings%3DeyJpZCI6MTcyNTMsInVybCI6Imh0dHBzOlwvXC93d3cucHJvbG9jb2FsdGVzc2Fub3ZlbmFyaWEuZXVcL3NpdG9cL3dwLWNvbnRlbnRcL3VwbG9hZHNcLzIwMjNcLzA5XC9yaXRhZ2xpLWRhcnRlLTguanBnIiwic2xpZGVzaG93IjoiMjk3ZGFmOCJ9\">\n\t\t\t\t\t<div class=\"e-gallery-image elementor-gallery-item__image\" data-thumbnail=\"https:\/\/www.prolocoaltessanovenaria.eu\/sito\/wp-content\/uploads\/2023\/09\/ritagli-darte-8-225x300.jpg\" data-width=\"225\" data-height=\"300\" aria-label=\"\" role=\"img\" ><\/div>\n\t\t\t\t\t\t\t\t\t\t\t<div class=\"elementor-gallery-item__overlay\"><\/div>\n\t\t\t\t\t\t\t\t\t\t\t\t\t\t<\/a>\n\t\t\t\t\t\t\t<a class=\"e-gallery-item elementor-gallery-item elementor-animated-content\" href=\"https:\/\/www.prolocoaltessanovenaria.eu\/sito\/wp-content\/uploads\/2023\/09\/ritagli-darte-9.jpg\" data-elementor-open-lightbox=\"yes\" data-elementor-lightbox-slideshow=\"297daf8\" data-elementor-lightbox-title=\"ritagli darte (9)\" data-e-action-hash=\"#elementor-action%3Aaction%3Dlightbox%26settings%3DeyJpZCI6MTcyNTQsInVybCI6Imh0dHBzOlwvXC93d3cucHJvbG9jb2FsdGVzc2Fub3ZlbmFyaWEuZXVcL3NpdG9cL3dwLWNvbnRlbnRcL3VwbG9hZHNcLzIwMjNcLzA5XC9yaXRhZ2xpLWRhcnRlLTkuanBnIiwic2xpZGVzaG93IjoiMjk3ZGFmOCJ9\">\n\t\t\t\t\t<div class=\"e-gallery-image elementor-gallery-item__image\" data-thumbnail=\"https:\/\/www.prolocoaltessanovenaria.eu\/sito\/wp-content\/uploads\/2023\/09\/ritagli-darte-9-300x225.jpg\" data-width=\"300\" data-height=\"225\" aria-label=\"\" role=\"img\" ><\/div>\n\t\t\t\t\t\t\t\t\t\t\t<div class=\"elementor-gallery-item__overlay\"><\/div>\n\t\t\t\t\t\t\t\t\t\t\t\t\t\t<\/a>\n\t\t\t\t\t\t\t<a class=\"e-gallery-item elementor-gallery-item elementor-animated-content\" href=\"https:\/\/www.prolocoaltessanovenaria.eu\/sito\/wp-content\/uploads\/2023\/09\/ritagli-darte-10.jpg\" data-elementor-open-lightbox=\"yes\" data-elementor-lightbox-slideshow=\"297daf8\" data-elementor-lightbox-title=\"ritagli darte (10)\" data-e-action-hash=\"#elementor-action%3Aaction%3Dlightbox%26settings%3DeyJpZCI6MTcyNTUsInVybCI6Imh0dHBzOlwvXC93d3cucHJvbG9jb2FsdGVzc2Fub3ZlbmFyaWEuZXVcL3NpdG9cL3dwLWNvbnRlbnRcL3VwbG9hZHNcLzIwMjNcLzA5XC9yaXRhZ2xpLWRhcnRlLTEwLmpwZyIsInNsaWRlc2hvdyI6IjI5N2RhZjgifQ%3D%3D\">\n\t\t\t\t\t<div class=\"e-gallery-image elementor-gallery-item__image\" data-thumbnail=\"https:\/\/www.prolocoaltessanovenaria.eu\/sito\/wp-content\/uploads\/2023\/09\/ritagli-darte-10-300x225.jpg\" data-width=\"300\" data-height=\"225\" aria-label=\"\" role=\"img\" ><\/div>\n\t\t\t\t\t\t\t\t\t\t\t<div class=\"elementor-gallery-item__overlay\"><\/div>\n\t\t\t\t\t\t\t\t\t\t\t\t\t\t<\/a>\n\t\t\t\t\t\t\t<a class=\"e-gallery-item elementor-gallery-item elementor-animated-content\" href=\"https:\/\/www.prolocoaltessanovenaria.eu\/sito\/wp-content\/uploads\/2023\/09\/ritagli-darte-11.jpg\" data-elementor-open-lightbox=\"yes\" data-elementor-lightbox-slideshow=\"297daf8\" data-elementor-lightbox-title=\"ritagli darte (11)\" data-e-action-hash=\"#elementor-action%3Aaction%3Dlightbox%26settings%3DeyJpZCI6MTcyNTYsInVybCI6Imh0dHBzOlwvXC93d3cucHJvbG9jb2FsdGVzc2Fub3ZlbmFyaWEuZXVcL3NpdG9cL3dwLWNvbnRlbnRcL3VwbG9hZHNcLzIwMjNcLzA5XC9yaXRhZ2xpLWRhcnRlLTExLmpwZyIsInNsaWRlc2hvdyI6IjI5N2RhZjgifQ%3D%3D\">\n\t\t\t\t\t<div class=\"e-gallery-image elementor-gallery-item__image\" data-thumbnail=\"https:\/\/www.prolocoaltessanovenaria.eu\/sito\/wp-content\/uploads\/2023\/09\/ritagli-darte-11-300x225.jpg\" data-width=\"300\" data-height=\"225\" aria-label=\"\" role=\"img\" ><\/div>\n\t\t\t\t\t\t\t\t\t\t\t<div class=\"elementor-gallery-item__overlay\"><\/div>\n\t\t\t\t\t\t\t\t\t\t\t\t\t\t<\/a>\n\t\t\t\t\t<\/div>\n\t\t\t\t\t<\/div>\n\t\t\t\t<\/div>\n\t\t\t\t\t<\/div>\n\t\t\t\t<\/div>\n\t\t<div class=\"elementor-element elementor-element-6ddb018 elementor-hidden-desktop elementor-hidden-tablet elementor-hidden-mobile e-flex e-con-boxed e-con e-parent\" data-id=\"6ddb018\" data-element_type=\"container\" data-e-type=\"container\">\n\t\t\t\t\t<div class=\"e-con-inner\">\n\t\t\t\t<div class=\"elementor-element elementor-element-0a4dbe0 elementor-widget elementor-widget-text-editor\" data-id=\"0a4dbe0\" data-element_type=\"widget\" data-e-type=\"widget\" data-widget_type=\"text-editor.default\">\n\t\t\t\t<div class=\"elementor-widget-container\">\n\t\t\t\t\t\t\t\t\t<div class=\"xdj266r x11i5rnm xat24cr x1mh8g0r x1vvkbs x126k92a\">\n<div dir=\"auto\"><span class=\"x3nfvp2 x1j61x8r x1fcty0u xdj266r xhhsvwb xat24cr xgzva0m xxymvpz xlup9mm x1kky2od\"><img decoding=\"async\" class=\"xz74otr\" src=\"https:\/\/static.xx.fbcdn.net\/images\/emoji.php\/v9\/tf\/1\/16\/1f942.png\" alt=\"\ud83e\udd42\" width=\"16\" height=\"16\" \/><\/span> \ud835\udc7d\ud835\udc86\ud835\udc93\ud835\udc8f\ud835\udc8a\ud835\udc94\ud835\udc94\ud835\udc82\ud835\udc88\ud835\udc86 de LA MIA SFERA &#8211; 21\/10\/23<\/div>\n<\/div>\n<div class=\"x11i5rnm xat24cr x1mh8g0r x1vvkbs xtlvy1s x126k92a\">\n<div dir=\"auto\">Alla presenza del Vice-Sindaco <a class=\"x1i10hfl xjbqb8w x6umtig x1b1mbwd xaqea5y xav7gou x9f619 x1ypdohk xt0psk2 xe8uvvx xdj266r x11i5rnm xat24cr x1mh8g0r xexx8yu x4uap5 x18d9i69 xkhd6sd x16tdsg8 x1hl2dhg xggy1nq x1a2a7pz xt0b8zv x1qq9wsj xo1l8bm\" tabindex=\"0\" role=\"link\" href=\"https:\/\/www.facebook.com\/GPCerrini?__cft__[0]=AZVMNImxrBTf7iiuCoZe-bSsX9rCi_bDhvbGu4pl1BoUpH6zKwhHiac93AZbCcHRzqvBp-t71QSgQHV_mdU0YfXlkqqVo-Nq1kuWxCbHEIvsJs4URw62HA4n3Wu1WNNPbpb1u206kI-JgMPLZtXxoX0pWMgkltmLSIX-gKH4KNK1nordMtuCqKy-kIon5bae3b0&amp;__tn__=-]K-R\"><span class=\"xt0psk2\">Gianpaolo Cerrini<\/span><\/a>, del Presidente Claudio Macario e del curatore Gigi Lia si \u00e8 svolta l&#8217;inaugurazione ufficiale della Mostra della creazioni a penna di Sabrina Gino .<\/div>\n<\/div>\n<div class=\"x11i5rnm xat24cr x1mh8g0r x1vvkbs xtlvy1s x126k92a\">\n<div dir=\"auto\">Delle opere di precisione che potrete vedere fino a domani,<\/div>\n<div dir=\"auto\"><span class=\"x3nfvp2 x1j61x8r x1fcty0u xdj266r xhhsvwb xat24cr xgzva0m xxymvpz xlup9mm x1kky2od\"><img loading=\"lazy\" decoding=\"async\" class=\"xz74otr\" src=\"https:\/\/static.xx.fbcdn.net\/images\/emoji.php\/v9\/t2d\/1\/16\/1f4cd.png\" alt=\"\ud83d\udccd\" width=\"16\" height=\"16\" \/><\/span>Vi aspettiamo presso la Sala Espositiva Comunale Gino Vanzi!<\/div>\n<\/div>\t\t\t\t\t\t\t\t<\/div>\n\t\t\t\t<\/div>\n\t\t\t\t\t<\/div>\n\t\t\t\t<\/div>\n\t\t<div class=\"elementor-element elementor-element-1f68604 elementor-hidden-desktop elementor-hidden-tablet elementor-hidden-mobile e-flex e-con-boxed e-con e-parent\" data-id=\"1f68604\" data-element_type=\"container\" data-e-type=\"container\">\n\t\t\t\t\t<div class=\"e-con-inner\">\n\t\t\t\t<div class=\"elementor-element elementor-element-2669d12 elementor-widget elementor-widget-gallery\" data-id=\"2669d12\" data-element_type=\"widget\" data-e-type=\"widget\" data-settings=\"{&quot;columns&quot;:3,&quot;aspect_ratio&quot;:&quot;1:1&quot;,&quot;lazyload&quot;:&quot;yes&quot;,&quot;gallery_layout&quot;:&quot;grid&quot;,&quot;columns_tablet&quot;:2,&quot;columns_mobile&quot;:1,&quot;gap&quot;:{&quot;unit&quot;:&quot;px&quot;,&quot;size&quot;:10,&quot;sizes&quot;:[]},&quot;gap_tablet&quot;:{&quot;unit&quot;:&quot;px&quot;,&quot;size&quot;:10,&quot;sizes&quot;:[]},&quot;gap_mobile&quot;:{&quot;unit&quot;:&quot;px&quot;,&quot;size&quot;:10,&quot;sizes&quot;:[]},&quot;link_to&quot;:&quot;file&quot;,&quot;overlay_background&quot;:&quot;yes&quot;,&quot;content_hover_animation&quot;:&quot;fade-in&quot;}\" data-widget_type=\"gallery.default\">\n\t\t\t\t<div class=\"elementor-widget-container\">\n\t\t\t\t\t\t\t<div class=\"elementor-gallery__container\">\n\t\t\t\t\t\t\t<a class=\"e-gallery-item elementor-gallery-item elementor-animated-content\" href=\"https:\/\/www.prolocoaltessanovenaria.eu\/sito\/wp-content\/uploads\/2023\/10\/1.jpg\" data-elementor-open-lightbox=\"yes\" data-elementor-lightbox-slideshow=\"2669d12\" data-elementor-lightbox-title=\"1\" data-e-action-hash=\"#elementor-action%3Aaction%3Dlightbox%26settings%3DeyJpZCI6MTc3MDIsInVybCI6Imh0dHBzOlwvXC93d3cucHJvbG9jb2FsdGVzc2Fub3ZlbmFyaWEuZXVcL3NpdG9cL3dwLWNvbnRlbnRcL3VwbG9hZHNcLzIwMjNcLzEwXC8xLmpwZyIsInNsaWRlc2hvdyI6IjI2NjlkMTIifQ%3D%3D\">\n\t\t\t\t\t<div class=\"e-gallery-image elementor-gallery-item__image\" data-thumbnail=\"https:\/\/www.prolocoaltessanovenaria.eu\/sito\/wp-content\/uploads\/2023\/10\/1.jpg\" data-width=\"1080\" data-height=\"610\" aria-label=\"\" role=\"img\" ><\/div>\n\t\t\t\t\t\t\t\t\t\t\t<div class=\"elementor-gallery-item__overlay\"><\/div>\n\t\t\t\t\t\t\t\t\t\t\t\t\t\t<\/a>\n\t\t\t\t\t\t\t<a class=\"e-gallery-item elementor-gallery-item elementor-animated-content\" href=\"https:\/\/www.prolocoaltessanovenaria.eu\/sito\/wp-content\/uploads\/2023\/10\/2.jpg\" data-elementor-open-lightbox=\"yes\" data-elementor-lightbox-slideshow=\"2669d12\" data-elementor-lightbox-title=\"2\" data-e-action-hash=\"#elementor-action%3Aaction%3Dlightbox%26settings%3DeyJpZCI6MTc3MDMsInVybCI6Imh0dHBzOlwvXC93d3cucHJvbG9jb2FsdGVzc2Fub3ZlbmFyaWEuZXVcL3NpdG9cL3dwLWNvbnRlbnRcL3VwbG9hZHNcLzIwMjNcLzEwXC8yLmpwZyIsInNsaWRlc2hvdyI6IjI2NjlkMTIifQ%3D%3D\">\n\t\t\t\t\t<div class=\"e-gallery-image elementor-gallery-item__image\" data-thumbnail=\"https:\/\/www.prolocoaltessanovenaria.eu\/sito\/wp-content\/uploads\/2023\/10\/2.jpg\" data-width=\"1080\" data-height=\"610\" aria-label=\"\" role=\"img\" ><\/div>\n\t\t\t\t\t\t\t\t\t\t\t<div class=\"elementor-gallery-item__overlay\"><\/div>\n\t\t\t\t\t\t\t\t\t\t\t\t\t\t<\/a>\n\t\t\t\t\t\t\t<a class=\"e-gallery-item elementor-gallery-item elementor-animated-content\" href=\"https:\/\/www.prolocoaltessanovenaria.eu\/sito\/wp-content\/uploads\/2023\/10\/3.jpg\" data-elementor-open-lightbox=\"yes\" data-elementor-lightbox-slideshow=\"2669d12\" data-elementor-lightbox-title=\"3\" data-e-action-hash=\"#elementor-action%3Aaction%3Dlightbox%26settings%3DeyJpZCI6MTc3MDQsInVybCI6Imh0dHBzOlwvXC93d3cucHJvbG9jb2FsdGVzc2Fub3ZlbmFyaWEuZXVcL3NpdG9cL3dwLWNvbnRlbnRcL3VwbG9hZHNcLzIwMjNcLzEwXC8zLmpwZyIsInNsaWRlc2hvdyI6IjI2NjlkMTIifQ%3D%3D\">\n\t\t\t\t\t<div class=\"e-gallery-image elementor-gallery-item__image\" data-thumbnail=\"https:\/\/www.prolocoaltessanovenaria.eu\/sito\/wp-content\/uploads\/2023\/10\/3.jpg\" data-width=\"1080\" data-height=\"1080\" aria-label=\"\" role=\"img\" ><\/div>\n\t\t\t\t\t\t\t\t\t\t\t<div class=\"elementor-gallery-item__overlay\"><\/div>\n\t\t\t\t\t\t\t\t\t\t\t\t\t\t<\/a>\n\t\t\t\t\t\t\t<a class=\"e-gallery-item elementor-gallery-item elementor-animated-content\" href=\"https:\/\/www.prolocoaltessanovenaria.eu\/sito\/wp-content\/uploads\/2023\/10\/4.jpg\" data-elementor-open-lightbox=\"yes\" data-elementor-lightbox-slideshow=\"2669d12\" data-elementor-lightbox-title=\"4\" data-e-action-hash=\"#elementor-action%3Aaction%3Dlightbox%26settings%3DeyJpZCI6MTc3MDksInVybCI6Imh0dHBzOlwvXC93d3cucHJvbG9jb2FsdGVzc2Fub3ZlbmFyaWEuZXVcL3NpdG9cL3dwLWNvbnRlbnRcL3VwbG9hZHNcLzIwMjNcLzEwXC80LmpwZyIsInNsaWRlc2hvdyI6IjI2NjlkMTIifQ%3D%3D\">\n\t\t\t\t\t<div class=\"e-gallery-image elementor-gallery-item__image\" data-thumbnail=\"https:\/\/www.prolocoaltessanovenaria.eu\/sito\/wp-content\/uploads\/2023\/10\/4.jpg\" data-width=\"1080\" data-height=\"610\" aria-label=\"\" role=\"img\" ><\/div>\n\t\t\t\t\t\t\t\t\t\t\t<div class=\"elementor-gallery-item__overlay\"><\/div>\n\t\t\t\t\t\t\t\t\t\t\t\t\t\t<\/a>\n\t\t\t\t\t\t\t<a class=\"e-gallery-item elementor-gallery-item elementor-animated-content\" href=\"https:\/\/www.prolocoaltessanovenaria.eu\/sito\/wp-content\/uploads\/2023\/10\/5.jpg\" data-elementor-open-lightbox=\"yes\" data-elementor-lightbox-slideshow=\"2669d12\" data-elementor-lightbox-title=\"5\" data-e-action-hash=\"#elementor-action%3Aaction%3Dlightbox%26settings%3DeyJpZCI6MTc3MTAsInVybCI6Imh0dHBzOlwvXC93d3cucHJvbG9jb2FsdGVzc2Fub3ZlbmFyaWEuZXVcL3NpdG9cL3dwLWNvbnRlbnRcL3VwbG9hZHNcLzIwMjNcLzEwXC81LmpwZyIsInNsaWRlc2hvdyI6IjI2NjlkMTIifQ%3D%3D\">\n\t\t\t\t\t<div class=\"e-gallery-image elementor-gallery-item__image\" data-thumbnail=\"https:\/\/www.prolocoaltessanovenaria.eu\/sito\/wp-content\/uploads\/2023\/10\/5.jpg\" data-width=\"2040\" data-height=\"1152\" aria-label=\"\" role=\"img\" ><\/div>\n\t\t\t\t\t\t\t\t\t\t\t<div class=\"elementor-gallery-item__overlay\"><\/div>\n\t\t\t\t\t\t\t\t\t\t\t\t\t\t<\/a>\n\t\t\t\t\t\t\t<a class=\"e-gallery-item elementor-gallery-item elementor-animated-content\" href=\"https:\/\/www.prolocoaltessanovenaria.eu\/sito\/wp-content\/uploads\/2023\/10\/6.jpg\" data-elementor-open-lightbox=\"yes\" data-elementor-lightbox-slideshow=\"2669d12\" data-elementor-lightbox-title=\"6\" data-e-action-hash=\"#elementor-action%3Aaction%3Dlightbox%26settings%3DeyJpZCI6MTc3MTEsInVybCI6Imh0dHBzOlwvXC93d3cucHJvbG9jb2FsdGVzc2Fub3ZlbmFyaWEuZXVcL3NpdG9cL3dwLWNvbnRlbnRcL3VwbG9hZHNcLzIwMjNcLzEwXC82LmpwZyIsInNsaWRlc2hvdyI6IjI2NjlkMTIifQ%3D%3D\">\n\t\t\t\t\t<div class=\"e-gallery-image elementor-gallery-item__image\" data-thumbnail=\"https:\/\/www.prolocoaltessanovenaria.eu\/sito\/wp-content\/uploads\/2023\/10\/6.jpg\" data-width=\"1241\" data-height=\"931\" aria-label=\"\" role=\"img\" ><\/div>\n\t\t\t\t\t\t\t\t\t\t\t<div class=\"elementor-gallery-item__overlay\"><\/div>\n\t\t\t\t\t\t\t\t\t\t\t\t\t\t<\/a>\n\t\t\t\t\t\t\t<a class=\"e-gallery-item elementor-gallery-item elementor-animated-content\" href=\"https:\/\/www.prolocoaltessanovenaria.eu\/sito\/wp-content\/uploads\/2023\/10\/7.jpg\" data-elementor-open-lightbox=\"yes\" data-elementor-lightbox-slideshow=\"2669d12\" data-elementor-lightbox-title=\"7\" data-e-action-hash=\"#elementor-action%3Aaction%3Dlightbox%26settings%3DeyJpZCI6MTc3MTIsInVybCI6Imh0dHBzOlwvXC93d3cucHJvbG9jb2FsdGVzc2Fub3ZlbmFyaWEuZXVcL3NpdG9cL3dwLWNvbnRlbnRcL3VwbG9hZHNcLzIwMjNcLzEwXC83LmpwZyIsInNsaWRlc2hvdyI6IjI2NjlkMTIifQ%3D%3D\">\n\t\t\t\t\t<div class=\"e-gallery-image elementor-gallery-item__image\" data-thumbnail=\"https:\/\/www.prolocoaltessanovenaria.eu\/sito\/wp-content\/uploads\/2023\/10\/7.jpg\" data-width=\"698\" data-height=\"931\" aria-label=\"\" role=\"img\" ><\/div>\n\t\t\t\t\t\t\t\t\t\t\t<div class=\"elementor-gallery-item__overlay\"><\/div>\n\t\t\t\t\t\t\t\t\t\t\t\t\t\t<\/a>\n\t\t\t\t\t\t\t<a class=\"e-gallery-item elementor-gallery-item elementor-animated-content\" href=\"https:\/\/www.prolocoaltessanovenaria.eu\/sito\/wp-content\/uploads\/2023\/10\/8.jpg\" data-elementor-open-lightbox=\"yes\" data-elementor-lightbox-slideshow=\"2669d12\" data-elementor-lightbox-title=\"8\" data-e-action-hash=\"#elementor-action%3Aaction%3Dlightbox%26settings%3DeyJpZCI6MTc3MTMsInVybCI6Imh0dHBzOlwvXC93d3cucHJvbG9jb2FsdGVzc2Fub3ZlbmFyaWEuZXVcL3NpdG9cL3dwLWNvbnRlbnRcL3VwbG9hZHNcLzIwMjNcLzEwXC84LmpwZyIsInNsaWRlc2hvdyI6IjI2NjlkMTIifQ%3D%3D\">\n\t\t\t\t\t<div class=\"e-gallery-image elementor-gallery-item__image\" data-thumbnail=\"https:\/\/www.prolocoaltessanovenaria.eu\/sito\/wp-content\/uploads\/2023\/10\/8.jpg\" data-width=\"1241\" data-height=\"931\" aria-label=\"\" role=\"img\" ><\/div>\n\t\t\t\t\t\t\t\t\t\t\t<div class=\"elementor-gallery-item__overlay\"><\/div>\n\t\t\t\t\t\t\t\t\t\t\t\t\t\t<\/a>\n\t\t\t\t\t<\/div>\n\t\t\t\t\t<\/div>\n\t\t\t\t<\/div>\n\t\t\t\t\t<\/div>\n\t\t\t\t<\/div>\n\t\t\t\t<\/div>\n\t\t","protected":false},"excerpt":{"rendered":"<p>dal 6 al 9 Luglio<\/p>\n","protected":false},"author":7,"featured_media":18281,"comment_status":"closed","ping_status":"closed","sticky":false,"template":"","format":"standard","meta":{"footnotes":""},"categories":[107,123],"tags":[160],"class_list":["post-18277","post","type-post","status-publish","format-standard","has-post-thumbnail","hentry","category-107","category-dicembre-2023","tag-ultimo"],"yoast_head":"<!-- This site is optimized with the Yoast SEO plugin v27.3 - https:\/\/yoast.com\/product\/yoast-seo-wordpress\/ -->\n<title>poem - ProLoco Altessano Venaria<\/title>\n<meta name=\"robots\" content=\"index, follow, max-snippet:-1, max-image-preview:large, max-video-preview:-1\" \/>\n<link rel=\"canonical\" href=\"https:\/\/www.prolocoaltessanovenaria.eu\/sito\/poem\/\" \/>\n<meta property=\"og:locale\" content=\"it_IT\" \/>\n<meta property=\"og:type\" content=\"article\" \/>\n<meta property=\"og:title\" content=\"poem - ProLoco Altessano Venaria\" \/>\n<meta property=\"og:description\" content=\"dal 6 al 9 Luglio\" \/>\n<meta property=\"og:url\" content=\"https:\/\/www.prolocoaltessanovenaria.eu\/sito\/poem\/\" \/>\n<meta property=\"og:site_name\" content=\"ProLoco Altessano Venaria\" \/>\n<meta property=\"article:publisher\" content=\"https:\/\/www.facebook.com\/Associazione-Turistica-Pro-Loco-Altessano-Venaria-Reale-1412029292342779\/\" \/>\n<meta property=\"article:published_time\" content=\"2023-12-02T07:08:52+00:00\" \/>\n<meta property=\"article:modified_time\" content=\"2023-12-07T04:18:46+00:00\" \/>\n<meta property=\"og:image\" content=\"https:\/\/www.prolocoaltessanovenaria.eu\/sito\/wp-content\/uploads\/2023\/12\/poem.jpg\" \/>\n\t<meta property=\"og:image:width\" content=\"509\" \/>\n\t<meta property=\"og:image:height\" content=\"720\" \/>\n\t<meta property=\"og:image:type\" content=\"image\/jpeg\" \/>\n<meta name=\"author\" content=\"redazione\" \/>\n<meta name=\"twitter:card\" content=\"summary_large_image\" \/>\n<meta name=\"twitter:label1\" content=\"Scritto da\" \/>\n\t<meta name=\"twitter:data1\" content=\"redazione\" \/>\n\t<meta name=\"twitter:label2\" content=\"Tempo di lettura stimato\" \/>\n\t<meta name=\"twitter:data2\" content=\"2 minuti\" \/>\n<script type=\"application\/ld+json\" class=\"yoast-schema-graph\">{\"@context\":\"https:\\\/\\\/schema.org\",\"@graph\":[{\"@type\":\"Article\",\"@id\":\"https:\\\/\\\/www.prolocoaltessanovenaria.eu\\\/sito\\\/poem\\\/#article\",\"isPartOf\":{\"@id\":\"https:\\\/\\\/www.prolocoaltessanovenaria.eu\\\/sito\\\/poem\\\/\"},\"author\":{\"name\":\"redazione\",\"@id\":\"https:\\\/\\\/www.prolocoaltessanovenaria.eu\\\/sito\\\/#\\\/schema\\\/person\\\/68a7d7a6eb0ced6ed31a0d455116b62b\"},\"headline\":\"poem\",\"datePublished\":\"2023-12-02T07:08:52+00:00\",\"dateModified\":\"2023-12-07T04:18:46+00:00\",\"mainEntityOfPage\":{\"@id\":\"https:\\\/\\\/www.prolocoaltessanovenaria.eu\\\/sito\\\/poem\\\/\"},\"wordCount\":287,\"publisher\":{\"@id\":\"https:\\\/\\\/www.prolocoaltessanovenaria.eu\\\/sito\\\/#organization\"},\"image\":{\"@id\":\"https:\\\/\\\/www.prolocoaltessanovenaria.eu\\\/sito\\\/poem\\\/#primaryimage\"},\"thumbnailUrl\":\"https:\\\/\\\/www.prolocoaltessanovenaria.eu\\\/sito\\\/wp-content\\\/uploads\\\/2023\\\/12\\\/poem.jpg\",\"keywords\":[\"ultimo\"],\"articleSection\":[\"2023\",\"dicembre 2023\"],\"inLanguage\":\"it-IT\"},{\"@type\":\"WebPage\",\"@id\":\"https:\\\/\\\/www.prolocoaltessanovenaria.eu\\\/sito\\\/poem\\\/\",\"url\":\"https:\\\/\\\/www.prolocoaltessanovenaria.eu\\\/sito\\\/poem\\\/\",\"name\":\"poem - ProLoco Altessano Venaria\",\"isPartOf\":{\"@id\":\"https:\\\/\\\/www.prolocoaltessanovenaria.eu\\\/sito\\\/#website\"},\"primaryImageOfPage\":{\"@id\":\"https:\\\/\\\/www.prolocoaltessanovenaria.eu\\\/sito\\\/poem\\\/#primaryimage\"},\"image\":{\"@id\":\"https:\\\/\\\/www.prolocoaltessanovenaria.eu\\\/sito\\\/poem\\\/#primaryimage\"},\"thumbnailUrl\":\"https:\\\/\\\/www.prolocoaltessanovenaria.eu\\\/sito\\\/wp-content\\\/uploads\\\/2023\\\/12\\\/poem.jpg\",\"datePublished\":\"2023-12-02T07:08:52+00:00\",\"dateModified\":\"2023-12-07T04:18:46+00:00\",\"breadcrumb\":{\"@id\":\"https:\\\/\\\/www.prolocoaltessanovenaria.eu\\\/sito\\\/poem\\\/#breadcrumb\"},\"inLanguage\":\"it-IT\",\"potentialAction\":[{\"@type\":\"ReadAction\",\"target\":[\"https:\\\/\\\/www.prolocoaltessanovenaria.eu\\\/sito\\\/poem\\\/\"]}]},{\"@type\":\"ImageObject\",\"inLanguage\":\"it-IT\",\"@id\":\"https:\\\/\\\/www.prolocoaltessanovenaria.eu\\\/sito\\\/poem\\\/#primaryimage\",\"url\":\"https:\\\/\\\/www.prolocoaltessanovenaria.eu\\\/sito\\\/wp-content\\\/uploads\\\/2023\\\/12\\\/poem.jpg\",\"contentUrl\":\"https:\\\/\\\/www.prolocoaltessanovenaria.eu\\\/sito\\\/wp-content\\\/uploads\\\/2023\\\/12\\\/poem.jpg\",\"width\":509,\"height\":720},{\"@type\":\"BreadcrumbList\",\"@id\":\"https:\\\/\\\/www.prolocoaltessanovenaria.eu\\\/sito\\\/poem\\\/#breadcrumb\",\"itemListElement\":[{\"@type\":\"ListItem\",\"position\":1,\"name\":\"Home\",\"item\":\"https:\\\/\\\/www.prolocoaltessanovenaria.eu\\\/sito\\\/\"},{\"@type\":\"ListItem\",\"position\":2,\"name\":\"poem\"}]},{\"@type\":\"WebSite\",\"@id\":\"https:\\\/\\\/www.prolocoaltessanovenaria.eu\\\/sito\\\/#website\",\"url\":\"https:\\\/\\\/www.prolocoaltessanovenaria.eu\\\/sito\\\/\",\"name\":\"ProLoco Altessano Venaria\",\"description\":\"Associazione Turistica ProLoco Altessano Venaria\",\"publisher\":{\"@id\":\"https:\\\/\\\/www.prolocoaltessanovenaria.eu\\\/sito\\\/#organization\"},\"potentialAction\":[{\"@type\":\"SearchAction\",\"target\":{\"@type\":\"EntryPoint\",\"urlTemplate\":\"https:\\\/\\\/www.prolocoaltessanovenaria.eu\\\/sito\\\/?s={search_term_string}\"},\"query-input\":{\"@type\":\"PropertyValueSpecification\",\"valueRequired\":true,\"valueName\":\"search_term_string\"}}],\"inLanguage\":\"it-IT\"},{\"@type\":\"Organization\",\"@id\":\"https:\\\/\\\/www.prolocoaltessanovenaria.eu\\\/sito\\\/#organization\",\"name\":\"ProLoco Altessano Venaria\",\"url\":\"https:\\\/\\\/www.prolocoaltessanovenaria.eu\\\/sito\\\/\",\"logo\":{\"@type\":\"ImageObject\",\"inLanguage\":\"it-IT\",\"@id\":\"https:\\\/\\\/www.prolocoaltessanovenaria.eu\\\/sito\\\/#\\\/schema\\\/logo\\\/image\\\/\",\"url\":\"https:\\\/\\\/www.prolocoaltessanovenaria.eu\\\/sito\\\/wp-content\\\/uploads\\\/2015\\\/03\\\/losanga-logo-pro-loco.png\",\"contentUrl\":\"https:\\\/\\\/www.prolocoaltessanovenaria.eu\\\/sito\\\/wp-content\\\/uploads\\\/2015\\\/03\\\/losanga-logo-pro-loco.png\",\"width\":643,\"height\":143,\"caption\":\"ProLoco Altessano Venaria\"},\"image\":{\"@id\":\"https:\\\/\\\/www.prolocoaltessanovenaria.eu\\\/sito\\\/#\\\/schema\\\/logo\\\/image\\\/\"},\"sameAs\":[\"https:\\\/\\\/www.facebook.com\\\/Associazione-Turistica-Pro-Loco-Altessano-Venaria-Reale-1412029292342779\\\/\",\"https:\\\/\\\/www.instagram.com\\\/proloco_altessano_venaria\\\/\"]},{\"@type\":\"Person\",\"@id\":\"https:\\\/\\\/www.prolocoaltessanovenaria.eu\\\/sito\\\/#\\\/schema\\\/person\\\/68a7d7a6eb0ced6ed31a0d455116b62b\",\"name\":\"redazione\",\"url\":\"https:\\\/\\\/www.prolocoaltessanovenaria.eu\\\/sito\\\/author\\\/redazione\\\/\"}]}<\/script>\n<!-- \/ Yoast SEO plugin. -->","yoast_head_json":{"title":"poem - ProLoco Altessano Venaria","robots":{"index":"index","follow":"follow","max-snippet":"max-snippet:-1","max-image-preview":"max-image-preview:large","max-video-preview":"max-video-preview:-1"},"canonical":"https:\/\/www.prolocoaltessanovenaria.eu\/sito\/poem\/","og_locale":"it_IT","og_type":"article","og_title":"poem - ProLoco Altessano Venaria","og_description":"dal 6 al 9 Luglio","og_url":"https:\/\/www.prolocoaltessanovenaria.eu\/sito\/poem\/","og_site_name":"ProLoco Altessano Venaria","article_publisher":"https:\/\/www.facebook.com\/Associazione-Turistica-Pro-Loco-Altessano-Venaria-Reale-1412029292342779\/","article_published_time":"2023-12-02T07:08:52+00:00","article_modified_time":"2023-12-07T04:18:46+00:00","og_image":[{"width":509,"height":720,"url":"https:\/\/www.prolocoaltessanovenaria.eu\/sito\/wp-content\/uploads\/2023\/12\/poem.jpg","type":"image\/jpeg"}],"author":"redazione","twitter_card":"summary_large_image","twitter_misc":{"Scritto da":"redazione","Tempo di lettura stimato":"2 minuti"},"schema":{"@context":"https:\/\/schema.org","@graph":[{"@type":"Article","@id":"https:\/\/www.prolocoaltessanovenaria.eu\/sito\/poem\/#article","isPartOf":{"@id":"https:\/\/www.prolocoaltessanovenaria.eu\/sito\/poem\/"},"author":{"name":"redazione","@id":"https:\/\/www.prolocoaltessanovenaria.eu\/sito\/#\/schema\/person\/68a7d7a6eb0ced6ed31a0d455116b62b"},"headline":"poem","datePublished":"2023-12-02T07:08:52+00:00","dateModified":"2023-12-07T04:18:46+00:00","mainEntityOfPage":{"@id":"https:\/\/www.prolocoaltessanovenaria.eu\/sito\/poem\/"},"wordCount":287,"publisher":{"@id":"https:\/\/www.prolocoaltessanovenaria.eu\/sito\/#organization"},"image":{"@id":"https:\/\/www.prolocoaltessanovenaria.eu\/sito\/poem\/#primaryimage"},"thumbnailUrl":"https:\/\/www.prolocoaltessanovenaria.eu\/sito\/wp-content\/uploads\/2023\/12\/poem.jpg","keywords":["ultimo"],"articleSection":["2023","dicembre 2023"],"inLanguage":"it-IT"},{"@type":"WebPage","@id":"https:\/\/www.prolocoaltessanovenaria.eu\/sito\/poem\/","url":"https:\/\/www.prolocoaltessanovenaria.eu\/sito\/poem\/","name":"poem - ProLoco Altessano Venaria","isPartOf":{"@id":"https:\/\/www.prolocoaltessanovenaria.eu\/sito\/#website"},"primaryImageOfPage":{"@id":"https:\/\/www.prolocoaltessanovenaria.eu\/sito\/poem\/#primaryimage"},"image":{"@id":"https:\/\/www.prolocoaltessanovenaria.eu\/sito\/poem\/#primaryimage"},"thumbnailUrl":"https:\/\/www.prolocoaltessanovenaria.eu\/sito\/wp-content\/uploads\/2023\/12\/poem.jpg","datePublished":"2023-12-02T07:08:52+00:00","dateModified":"2023-12-07T04:18:46+00:00","breadcrumb":{"@id":"https:\/\/www.prolocoaltessanovenaria.eu\/sito\/poem\/#breadcrumb"},"inLanguage":"it-IT","potentialAction":[{"@type":"ReadAction","target":["https:\/\/www.prolocoaltessanovenaria.eu\/sito\/poem\/"]}]},{"@type":"ImageObject","inLanguage":"it-IT","@id":"https:\/\/www.prolocoaltessanovenaria.eu\/sito\/poem\/#primaryimage","url":"https:\/\/www.prolocoaltessanovenaria.eu\/sito\/wp-content\/uploads\/2023\/12\/poem.jpg","contentUrl":"https:\/\/www.prolocoaltessanovenaria.eu\/sito\/wp-content\/uploads\/2023\/12\/poem.jpg","width":509,"height":720},{"@type":"BreadcrumbList","@id":"https:\/\/www.prolocoaltessanovenaria.eu\/sito\/poem\/#breadcrumb","itemListElement":[{"@type":"ListItem","position":1,"name":"Home","item":"https:\/\/www.prolocoaltessanovenaria.eu\/sito\/"},{"@type":"ListItem","position":2,"name":"poem"}]},{"@type":"WebSite","@id":"https:\/\/www.prolocoaltessanovenaria.eu\/sito\/#website","url":"https:\/\/www.prolocoaltessanovenaria.eu\/sito\/","name":"ProLoco Altessano Venaria","description":"Associazione Turistica ProLoco Altessano Venaria","publisher":{"@id":"https:\/\/www.prolocoaltessanovenaria.eu\/sito\/#organization"},"potentialAction":[{"@type":"SearchAction","target":{"@type":"EntryPoint","urlTemplate":"https:\/\/www.prolocoaltessanovenaria.eu\/sito\/?s={search_term_string}"},"query-input":{"@type":"PropertyValueSpecification","valueRequired":true,"valueName":"search_term_string"}}],"inLanguage":"it-IT"},{"@type":"Organization","@id":"https:\/\/www.prolocoaltessanovenaria.eu\/sito\/#organization","name":"ProLoco Altessano Venaria","url":"https:\/\/www.prolocoaltessanovenaria.eu\/sito\/","logo":{"@type":"ImageObject","inLanguage":"it-IT","@id":"https:\/\/www.prolocoaltessanovenaria.eu\/sito\/#\/schema\/logo\/image\/","url":"https:\/\/www.prolocoaltessanovenaria.eu\/sito\/wp-content\/uploads\/2015\/03\/losanga-logo-pro-loco.png","contentUrl":"https:\/\/www.prolocoaltessanovenaria.eu\/sito\/wp-content\/uploads\/2015\/03\/losanga-logo-pro-loco.png","width":643,"height":143,"caption":"ProLoco Altessano Venaria"},"image":{"@id":"https:\/\/www.prolocoaltessanovenaria.eu\/sito\/#\/schema\/logo\/image\/"},"sameAs":["https:\/\/www.facebook.com\/Associazione-Turistica-Pro-Loco-Altessano-Venaria-Reale-1412029292342779\/","https:\/\/www.instagram.com\/proloco_altessano_venaria\/"]},{"@type":"Person","@id":"https:\/\/www.prolocoaltessanovenaria.eu\/sito\/#\/schema\/person\/68a7d7a6eb0ced6ed31a0d455116b62b","name":"redazione","url":"https:\/\/www.prolocoaltessanovenaria.eu\/sito\/author\/redazione\/"}]}},"_links":{"self":[{"href":"https:\/\/www.prolocoaltessanovenaria.eu\/sito\/wp-json\/wp\/v2\/posts\/18277","targetHints":{"allow":["GET"]}}],"collection":[{"href":"https:\/\/www.prolocoaltessanovenaria.eu\/sito\/wp-json\/wp\/v2\/posts"}],"about":[{"href":"https:\/\/www.prolocoaltessanovenaria.eu\/sito\/wp-json\/wp\/v2\/types\/post"}],"author":[{"embeddable":true,"href":"https:\/\/www.prolocoaltessanovenaria.eu\/sito\/wp-json\/wp\/v2\/users\/7"}],"replies":[{"embeddable":true,"href":"https:\/\/www.prolocoaltessanovenaria.eu\/sito\/wp-json\/wp\/v2\/comments?post=18277"}],"version-history":[{"count":5,"href":"https:\/\/www.prolocoaltessanovenaria.eu\/sito\/wp-json\/wp\/v2\/posts\/18277\/revisions"}],"predecessor-version":[{"id":18283,"href":"https:\/\/www.prolocoaltessanovenaria.eu\/sito\/wp-json\/wp\/v2\/posts\/18277\/revisions\/18283"}],"wp:featuredmedia":[{"embeddable":true,"href":"https:\/\/www.prolocoaltessanovenaria.eu\/sito\/wp-json\/wp\/v2\/media\/18281"}],"wp:attachment":[{"href":"https:\/\/www.prolocoaltessanovenaria.eu\/sito\/wp-json\/wp\/v2\/media?parent=18277"}],"wp:term":[{"taxonomy":"category","embeddable":true,"href":"https:\/\/www.prolocoaltessanovenaria.eu\/sito\/wp-json\/wp\/v2\/categories?post=18277"},{"taxonomy":"post_tag","embeddable":true,"href":"https:\/\/www.prolocoaltessanovenaria.eu\/sito\/wp-json\/wp\/v2\/tags?post=18277"}],"curies":[{"name":"wp","href":"https:\/\/api.w.org\/{rel}","templated":true}]}}