{"id":8821,"date":"2021-10-20T15:16:36","date_gmt":"2021-10-20T13:16:36","guid":{"rendered":"https:\/\/www.prolocoaltessanovenaria.eu\/sito\/?p=8821"},"modified":"2021-10-20T17:17:52","modified_gmt":"2021-10-20T15:17:52","slug":"venaria-la-storia-il-territorio-e-la-sua-gente-itinerario-culturale-della-pro-loco","status":"publish","type":"post","link":"https:\/\/www.prolocoaltessanovenaria.eu\/sito\/venaria-la-storia-il-territorio-e-la-sua-gente-itinerario-culturale-della-pro-loco\/","title":{"rendered":"Venaria: La storia, il territorio e la sua gente &#8211; Itinerario culturale della Pro Loco"},"content":{"rendered":"<p><img fetchpriority=\"high\" decoding=\"async\" class=\" wp-image-8823 alignright\" src=\"https:\/\/www.prolocoaltessanovenaria.eu\/sito\/wp-content\/uploads\/2021\/10\/Locandina-Rassegna-2021-gialla-724x1024.png\" alt=\"\" width=\"500\" height=\"707\" srcset=\"https:\/\/www.prolocoaltessanovenaria.eu\/sito\/wp-content\/uploads\/2021\/10\/Locandina-Rassegna-2021-gialla-724x1024.png 724w, https:\/\/www.prolocoaltessanovenaria.eu\/sito\/wp-content\/uploads\/2021\/10\/Locandina-Rassegna-2021-gialla-212x300.png 212w, https:\/\/www.prolocoaltessanovenaria.eu\/sito\/wp-content\/uploads\/2021\/10\/Locandina-Rassegna-2021-gialla-768x1086.png 768w, https:\/\/www.prolocoaltessanovenaria.eu\/sito\/wp-content\/uploads\/2021\/10\/Locandina-Rassegna-2021-gialla-1086x1536.png 1086w, https:\/\/www.prolocoaltessanovenaria.eu\/sito\/wp-content\/uploads\/2021\/10\/Locandina-Rassegna-2021-gialla-1449x2048.png 1449w\" sizes=\"(max-width: 500px) 100vw, 500px\" \/><\/p>\n<p style=\"text-align: justify;\">Per gli appassionati di storia e di arte, per coloro che hanno avuto modo di conoscere Venaria Reale e di amarla, nascendovi, crescendovi o visitandola. Per chi vive, ha vissuto e vivr\u00e0 Venaria. L&#8217;Itinerario Culturale della Pro Loco \u00e8 una summa del lavoro che \u00e8 stato svolto nell&#8217;ambito del Progetto Atelier della Storia Venariese per portare la nostra citt\u00e0 ai suoi cittadini. Si parler\u00e0 di storia, antica e moderna, di edifici, strade e monumenti, delle persone che hanno reso Venaria Reale quella che \u00e8 oggi, modificandone per sempre il panorama.<\/p>\n<p>l&#8217;Itinerario Culturale della Pro Loco \u00e8 una vera e propria lettera d&#8217;amore a Venaria, una conferenza che vuole cingere la citt\u00e0 intera con un abbraccio, e sar\u00e0 presentata da coloro che Venaria hanno potuto toccare con mano ogni via, ogni anfratto ed ogni superficie del suolo cittadino.\u00a0<\/p>\n<p style=\"text-align: justify;\">La presentazione si terr\u00e0 venerd\u00ec 29 ottobre a partire dalle 21.00, presso la Biblioteca Civica Tancredi Milone in Via Giuseppe Verdi 18.<\/p>\n<p style=\"text-align: justify;\">Durante l&#8217;evento avremo modo di presentare, con la voce dello storico e giornalista venariese Andrea Scaringella, 6 pubblicazioni riguardanti esclusivamente la citt\u00e0 di Venaria, con estratti delle stesse narrati dalla voce di Marco Perazzolo.<\/p>\n<p>A questi eventi seguir\u00e0 la premiazione dei partecipanti al concorso &#8220;Salva la tua lingua locale&#8221;.<\/p>\n<p><strong>Clicca\u00a0<a href=\"https:\/\/www.eventbrite.it\/e\/registrazione-venaria-reale-la-storia-il-territorio-e-la-sua-gente-194309684497?aff=ebdssbeac\" target=\"_blank\" rel=\"noopener\">QUI<\/a>\u00a0per prenotare il tuo accesso. La prenotazione sar\u00e0 valida fino ad esaurimento posti.\u00a0<\/strong><\/p>\n","protected":false},"excerpt":{"rendered":"<p>Per gli appassionati di storia e di arte, per coloro che hanno avuto modo di conoscere Venaria Reale e di amarla, nascendovi, crescendovi o visitandola. Per chi vive, ha vissuto e vivr\u00e0 Venaria. L&#8217;Itinerario Culturale della Pro Loco \u00e8 una summa del lavoro che \u00e8 stato svolto nell&#8217;ambito del Progetto Atelier della Storia Venariese per [&hellip;]<\/p>\n","protected":false},"author":7,"featured_media":8829,"comment_status":"closed","ping_status":"closed","sticky":false,"template":"","format":"standard","meta":{"footnotes":""},"categories":[99,100],"tags":[],"class_list":["post-8821","post","type-post","status-publish","format-standard","has-post-thumbnail","hentry","category-archivio","category-eventi-e-news"],"yoast_head":"<!-- This site is optimized with the Yoast SEO plugin v27.3 - https:\/\/yoast.com\/product\/yoast-seo-wordpress\/ -->\n<title>Venaria: La storia, il territorio e la sua gente - Itinerario culturale della Pro Loco - ProLoco Altessano Venaria<\/title>\n<meta name=\"robots\" content=\"index, follow, max-snippet:-1, max-image-preview:large, max-video-preview:-1\" \/>\n<link rel=\"canonical\" href=\"https:\/\/www.prolocoaltessanovenaria.eu\/sito\/venaria-la-storia-il-territorio-e-la-sua-gente-itinerario-culturale-della-pro-loco\/\" \/>\n<meta property=\"og:locale\" content=\"it_IT\" \/>\n<meta property=\"og:type\" content=\"article\" \/>\n<meta property=\"og:title\" content=\"Venaria: La storia, il territorio e la sua gente - Itinerario culturale della Pro Loco - ProLoco Altessano Venaria\" \/>\n<meta property=\"og:description\" content=\"Per gli appassionati di storia e di arte, per coloro che hanno avuto modo di conoscere Venaria Reale e di amarla, nascendovi, crescendovi o visitandola. Per chi vive, ha vissuto e vivr\u00e0 Venaria. L&#8217;Itinerario Culturale della Pro Loco \u00e8 una summa del lavoro che \u00e8 stato svolto nell&#8217;ambito del Progetto Atelier della Storia Venariese per [&hellip;]\" \/>\n<meta property=\"og:url\" content=\"https:\/\/www.prolocoaltessanovenaria.eu\/sito\/venaria-la-storia-il-territorio-e-la-sua-gente-itinerario-culturale-della-pro-loco\/\" \/>\n<meta property=\"og:site_name\" content=\"ProLoco Altessano Venaria\" \/>\n<meta property=\"article:publisher\" content=\"https:\/\/www.facebook.com\/Associazione-Turistica-Pro-Loco-Altessano-Venaria-Reale-1412029292342779\/\" \/>\n<meta property=\"article:published_time\" content=\"2021-10-20T13:16:36+00:00\" \/>\n<meta property=\"article:modified_time\" content=\"2021-10-20T15:17:52+00:00\" \/>\n<meta property=\"og:image\" content=\"https:\/\/www.prolocoaltessanovenaria.eu\/sito\/wp-content\/uploads\/2021\/10\/copertina-eventbrite-venaria-territorio-storia-gente-2.png\" \/>\n\t<meta property=\"og:image:width\" content=\"1272\" \/>\n\t<meta property=\"og:image:height\" content=\"848\" \/>\n\t<meta property=\"og:image:type\" content=\"image\/png\" \/>\n<meta name=\"author\" content=\"redazione\" \/>\n<meta name=\"twitter:card\" content=\"summary_large_image\" \/>\n<meta name=\"twitter:label1\" content=\"Scritto da\" \/>\n\t<meta name=\"twitter:data1\" content=\"redazione\" \/>\n\t<meta name=\"twitter:label2\" content=\"Tempo di lettura stimato\" \/>\n\t<meta name=\"twitter:data2\" content=\"1 minuto\" \/>\n<script type=\"application\/ld+json\" class=\"yoast-schema-graph\">{\"@context\":\"https:\\\/\\\/schema.org\",\"@graph\":[{\"@type\":\"Article\",\"@id\":\"https:\\\/\\\/www.prolocoaltessanovenaria.eu\\\/sito\\\/venaria-la-storia-il-territorio-e-la-sua-gente-itinerario-culturale-della-pro-loco\\\/#article\",\"isPartOf\":{\"@id\":\"https:\\\/\\\/www.prolocoaltessanovenaria.eu\\\/sito\\\/venaria-la-storia-il-territorio-e-la-sua-gente-itinerario-culturale-della-pro-loco\\\/\"},\"author\":{\"name\":\"redazione\",\"@id\":\"https:\\\/\\\/www.prolocoaltessanovenaria.eu\\\/sito\\\/#\\\/schema\\\/person\\\/68a7d7a6eb0ced6ed31a0d455116b62b\"},\"headline\":\"Venaria: La storia, il territorio e la sua gente &#8211; Itinerario culturale della Pro Loco\",\"datePublished\":\"2021-10-20T13:16:36+00:00\",\"dateModified\":\"2021-10-20T15:17:52+00:00\",\"mainEntityOfPage\":{\"@id\":\"https:\\\/\\\/www.prolocoaltessanovenaria.eu\\\/sito\\\/venaria-la-storia-il-territorio-e-la-sua-gente-itinerario-culturale-della-pro-loco\\\/\"},\"wordCount\":235,\"publisher\":{\"@id\":\"https:\\\/\\\/www.prolocoaltessanovenaria.eu\\\/sito\\\/#organization\"},\"image\":{\"@id\":\"https:\\\/\\\/www.prolocoaltessanovenaria.eu\\\/sito\\\/venaria-la-storia-il-territorio-e-la-sua-gente-itinerario-culturale-della-pro-loco\\\/#primaryimage\"},\"thumbnailUrl\":\"https:\\\/\\\/www.prolocoaltessanovenaria.eu\\\/sito\\\/wp-content\\\/uploads\\\/2021\\\/10\\\/copertina-eventbrite-venaria-territorio-storia-gente-2.png\",\"articleSection\":[\"Archivio\",\"eventi e news\"],\"inLanguage\":\"it-IT\"},{\"@type\":\"WebPage\",\"@id\":\"https:\\\/\\\/www.prolocoaltessanovenaria.eu\\\/sito\\\/venaria-la-storia-il-territorio-e-la-sua-gente-itinerario-culturale-della-pro-loco\\\/\",\"url\":\"https:\\\/\\\/www.prolocoaltessanovenaria.eu\\\/sito\\\/venaria-la-storia-il-territorio-e-la-sua-gente-itinerario-culturale-della-pro-loco\\\/\",\"name\":\"Venaria: La storia, il territorio e la sua gente - Itinerario culturale della Pro Loco - ProLoco Altessano Venaria\",\"isPartOf\":{\"@id\":\"https:\\\/\\\/www.prolocoaltessanovenaria.eu\\\/sito\\\/#website\"},\"primaryImageOfPage\":{\"@id\":\"https:\\\/\\\/www.prolocoaltessanovenaria.eu\\\/sito\\\/venaria-la-storia-il-territorio-e-la-sua-gente-itinerario-culturale-della-pro-loco\\\/#primaryimage\"},\"image\":{\"@id\":\"https:\\\/\\\/www.prolocoaltessanovenaria.eu\\\/sito\\\/venaria-la-storia-il-territorio-e-la-sua-gente-itinerario-culturale-della-pro-loco\\\/#primaryimage\"},\"thumbnailUrl\":\"https:\\\/\\\/www.prolocoaltessanovenaria.eu\\\/sito\\\/wp-content\\\/uploads\\\/2021\\\/10\\\/copertina-eventbrite-venaria-territorio-storia-gente-2.png\",\"datePublished\":\"2021-10-20T13:16:36+00:00\",\"dateModified\":\"2021-10-20T15:17:52+00:00\",\"breadcrumb\":{\"@id\":\"https:\\\/\\\/www.prolocoaltessanovenaria.eu\\\/sito\\\/venaria-la-storia-il-territorio-e-la-sua-gente-itinerario-culturale-della-pro-loco\\\/#breadcrumb\"},\"inLanguage\":\"it-IT\",\"potentialAction\":[{\"@type\":\"ReadAction\",\"target\":[\"https:\\\/\\\/www.prolocoaltessanovenaria.eu\\\/sito\\\/venaria-la-storia-il-territorio-e-la-sua-gente-itinerario-culturale-della-pro-loco\\\/\"]}]},{\"@type\":\"ImageObject\",\"inLanguage\":\"it-IT\",\"@id\":\"https:\\\/\\\/www.prolocoaltessanovenaria.eu\\\/sito\\\/venaria-la-storia-il-territorio-e-la-sua-gente-itinerario-culturale-della-pro-loco\\\/#primaryimage\",\"url\":\"https:\\\/\\\/www.prolocoaltessanovenaria.eu\\\/sito\\\/wp-content\\\/uploads\\\/2021\\\/10\\\/copertina-eventbrite-venaria-territorio-storia-gente-2.png\",\"contentUrl\":\"https:\\\/\\\/www.prolocoaltessanovenaria.eu\\\/sito\\\/wp-content\\\/uploads\\\/2021\\\/10\\\/copertina-eventbrite-venaria-territorio-storia-gente-2.png\",\"width\":1272,\"height\":848},{\"@type\":\"BreadcrumbList\",\"@id\":\"https:\\\/\\\/www.prolocoaltessanovenaria.eu\\\/sito\\\/venaria-la-storia-il-territorio-e-la-sua-gente-itinerario-culturale-della-pro-loco\\\/#breadcrumb\",\"itemListElement\":[{\"@type\":\"ListItem\",\"position\":1,\"name\":\"Home\",\"item\":\"https:\\\/\\\/www.prolocoaltessanovenaria.eu\\\/sito\\\/\"},{\"@type\":\"ListItem\",\"position\":2,\"name\":\"Venaria: La storia, il territorio e la sua gente &#8211; Itinerario culturale della Pro Loco\"}]},{\"@type\":\"WebSite\",\"@id\":\"https:\\\/\\\/www.prolocoaltessanovenaria.eu\\\/sito\\\/#website\",\"url\":\"https:\\\/\\\/www.prolocoaltessanovenaria.eu\\\/sito\\\/\",\"name\":\"ProLoco Altessano Venaria\",\"description\":\"Associazione Turistica ProLoco Altessano Venaria\",\"publisher\":{\"@id\":\"https:\\\/\\\/www.prolocoaltessanovenaria.eu\\\/sito\\\/#organization\"},\"potentialAction\":[{\"@type\":\"SearchAction\",\"target\":{\"@type\":\"EntryPoint\",\"urlTemplate\":\"https:\\\/\\\/www.prolocoaltessanovenaria.eu\\\/sito\\\/?s={search_term_string}\"},\"query-input\":{\"@type\":\"PropertyValueSpecification\",\"valueRequired\":true,\"valueName\":\"search_term_string\"}}],\"inLanguage\":\"it-IT\"},{\"@type\":\"Organization\",\"@id\":\"https:\\\/\\\/www.prolocoaltessanovenaria.eu\\\/sito\\\/#organization\",\"name\":\"ProLoco Altessano Venaria\",\"url\":\"https:\\\/\\\/www.prolocoaltessanovenaria.eu\\\/sito\\\/\",\"logo\":{\"@type\":\"ImageObject\",\"inLanguage\":\"it-IT\",\"@id\":\"https:\\\/\\\/www.prolocoaltessanovenaria.eu\\\/sito\\\/#\\\/schema\\\/logo\\\/image\\\/\",\"url\":\"https:\\\/\\\/www.prolocoaltessanovenaria.eu\\\/sito\\\/wp-content\\\/uploads\\\/2015\\\/03\\\/losanga-logo-pro-loco.png\",\"contentUrl\":\"https:\\\/\\\/www.prolocoaltessanovenaria.eu\\\/sito\\\/wp-content\\\/uploads\\\/2015\\\/03\\\/losanga-logo-pro-loco.png\",\"width\":643,\"height\":143,\"caption\":\"ProLoco Altessano Venaria\"},\"image\":{\"@id\":\"https:\\\/\\\/www.prolocoaltessanovenaria.eu\\\/sito\\\/#\\\/schema\\\/logo\\\/image\\\/\"},\"sameAs\":[\"https:\\\/\\\/www.facebook.com\\\/Associazione-Turistica-Pro-Loco-Altessano-Venaria-Reale-1412029292342779\\\/\",\"https:\\\/\\\/www.instagram.com\\\/proloco_altessano_venaria\\\/\"]},{\"@type\":\"Person\",\"@id\":\"https:\\\/\\\/www.prolocoaltessanovenaria.eu\\\/sito\\\/#\\\/schema\\\/person\\\/68a7d7a6eb0ced6ed31a0d455116b62b\",\"name\":\"redazione\",\"url\":\"https:\\\/\\\/www.prolocoaltessanovenaria.eu\\\/sito\\\/author\\\/redazione\\\/\"}]}<\/script>\n<!-- \/ Yoast SEO plugin. -->","yoast_head_json":{"title":"Venaria: La storia, il territorio e la sua gente - Itinerario culturale della Pro Loco - ProLoco Altessano Venaria","robots":{"index":"index","follow":"follow","max-snippet":"max-snippet:-1","max-image-preview":"max-image-preview:large","max-video-preview":"max-video-preview:-1"},"canonical":"https:\/\/www.prolocoaltessanovenaria.eu\/sito\/venaria-la-storia-il-territorio-e-la-sua-gente-itinerario-culturale-della-pro-loco\/","og_locale":"it_IT","og_type":"article","og_title":"Venaria: La storia, il territorio e la sua gente - Itinerario culturale della Pro Loco - ProLoco Altessano Venaria","og_description":"Per gli appassionati di storia e di arte, per coloro che hanno avuto modo di conoscere Venaria Reale e di amarla, nascendovi, crescendovi o visitandola. Per chi vive, ha vissuto e vivr\u00e0 Venaria. L&#8217;Itinerario Culturale della Pro Loco \u00e8 una summa del lavoro che \u00e8 stato svolto nell&#8217;ambito del Progetto Atelier della Storia Venariese per [&hellip;]","og_url":"https:\/\/www.prolocoaltessanovenaria.eu\/sito\/venaria-la-storia-il-territorio-e-la-sua-gente-itinerario-culturale-della-pro-loco\/","og_site_name":"ProLoco Altessano Venaria","article_publisher":"https:\/\/www.facebook.com\/Associazione-Turistica-Pro-Loco-Altessano-Venaria-Reale-1412029292342779\/","article_published_time":"2021-10-20T13:16:36+00:00","article_modified_time":"2021-10-20T15:17:52+00:00","og_image":[{"width":1272,"height":848,"url":"https:\/\/www.prolocoaltessanovenaria.eu\/sito\/wp-content\/uploads\/2021\/10\/copertina-eventbrite-venaria-territorio-storia-gente-2.png","type":"image\/png"}],"author":"redazione","twitter_card":"summary_large_image","twitter_misc":{"Scritto da":"redazione","Tempo di lettura stimato":"1 minuto"},"schema":{"@context":"https:\/\/schema.org","@graph":[{"@type":"Article","@id":"https:\/\/www.prolocoaltessanovenaria.eu\/sito\/venaria-la-storia-il-territorio-e-la-sua-gente-itinerario-culturale-della-pro-loco\/#article","isPartOf":{"@id":"https:\/\/www.prolocoaltessanovenaria.eu\/sito\/venaria-la-storia-il-territorio-e-la-sua-gente-itinerario-culturale-della-pro-loco\/"},"author":{"name":"redazione","@id":"https:\/\/www.prolocoaltessanovenaria.eu\/sito\/#\/schema\/person\/68a7d7a6eb0ced6ed31a0d455116b62b"},"headline":"Venaria: La storia, il territorio e la sua gente &#8211; Itinerario culturale della Pro Loco","datePublished":"2021-10-20T13:16:36+00:00","dateModified":"2021-10-20T15:17:52+00:00","mainEntityOfPage":{"@id":"https:\/\/www.prolocoaltessanovenaria.eu\/sito\/venaria-la-storia-il-territorio-e-la-sua-gente-itinerario-culturale-della-pro-loco\/"},"wordCount":235,"publisher":{"@id":"https:\/\/www.prolocoaltessanovenaria.eu\/sito\/#organization"},"image":{"@id":"https:\/\/www.prolocoaltessanovenaria.eu\/sito\/venaria-la-storia-il-territorio-e-la-sua-gente-itinerario-culturale-della-pro-loco\/#primaryimage"},"thumbnailUrl":"https:\/\/www.prolocoaltessanovenaria.eu\/sito\/wp-content\/uploads\/2021\/10\/copertina-eventbrite-venaria-territorio-storia-gente-2.png","articleSection":["Archivio","eventi e news"],"inLanguage":"it-IT"},{"@type":"WebPage","@id":"https:\/\/www.prolocoaltessanovenaria.eu\/sito\/venaria-la-storia-il-territorio-e-la-sua-gente-itinerario-culturale-della-pro-loco\/","url":"https:\/\/www.prolocoaltessanovenaria.eu\/sito\/venaria-la-storia-il-territorio-e-la-sua-gente-itinerario-culturale-della-pro-loco\/","name":"Venaria: La storia, il territorio e la sua gente - Itinerario culturale della Pro Loco - ProLoco Altessano Venaria","isPartOf":{"@id":"https:\/\/www.prolocoaltessanovenaria.eu\/sito\/#website"},"primaryImageOfPage":{"@id":"https:\/\/www.prolocoaltessanovenaria.eu\/sito\/venaria-la-storia-il-territorio-e-la-sua-gente-itinerario-culturale-della-pro-loco\/#primaryimage"},"image":{"@id":"https:\/\/www.prolocoaltessanovenaria.eu\/sito\/venaria-la-storia-il-territorio-e-la-sua-gente-itinerario-culturale-della-pro-loco\/#primaryimage"},"thumbnailUrl":"https:\/\/www.prolocoaltessanovenaria.eu\/sito\/wp-content\/uploads\/2021\/10\/copertina-eventbrite-venaria-territorio-storia-gente-2.png","datePublished":"2021-10-20T13:16:36+00:00","dateModified":"2021-10-20T15:17:52+00:00","breadcrumb":{"@id":"https:\/\/www.prolocoaltessanovenaria.eu\/sito\/venaria-la-storia-il-territorio-e-la-sua-gente-itinerario-culturale-della-pro-loco\/#breadcrumb"},"inLanguage":"it-IT","potentialAction":[{"@type":"ReadAction","target":["https:\/\/www.prolocoaltessanovenaria.eu\/sito\/venaria-la-storia-il-territorio-e-la-sua-gente-itinerario-culturale-della-pro-loco\/"]}]},{"@type":"ImageObject","inLanguage":"it-IT","@id":"https:\/\/www.prolocoaltessanovenaria.eu\/sito\/venaria-la-storia-il-territorio-e-la-sua-gente-itinerario-culturale-della-pro-loco\/#primaryimage","url":"https:\/\/www.prolocoaltessanovenaria.eu\/sito\/wp-content\/uploads\/2021\/10\/copertina-eventbrite-venaria-territorio-storia-gente-2.png","contentUrl":"https:\/\/www.prolocoaltessanovenaria.eu\/sito\/wp-content\/uploads\/2021\/10\/copertina-eventbrite-venaria-territorio-storia-gente-2.png","width":1272,"height":848},{"@type":"BreadcrumbList","@id":"https:\/\/www.prolocoaltessanovenaria.eu\/sito\/venaria-la-storia-il-territorio-e-la-sua-gente-itinerario-culturale-della-pro-loco\/#breadcrumb","itemListElement":[{"@type":"ListItem","position":1,"name":"Home","item":"https:\/\/www.prolocoaltessanovenaria.eu\/sito\/"},{"@type":"ListItem","position":2,"name":"Venaria: La storia, il territorio e la sua gente &#8211; Itinerario culturale della Pro Loco"}]},{"@type":"WebSite","@id":"https:\/\/www.prolocoaltessanovenaria.eu\/sito\/#website","url":"https:\/\/www.prolocoaltessanovenaria.eu\/sito\/","name":"ProLoco Altessano Venaria","description":"Associazione Turistica ProLoco Altessano Venaria","publisher":{"@id":"https:\/\/www.prolocoaltessanovenaria.eu\/sito\/#organization"},"potentialAction":[{"@type":"SearchAction","target":{"@type":"EntryPoint","urlTemplate":"https:\/\/www.prolocoaltessanovenaria.eu\/sito\/?s={search_term_string}"},"query-input":{"@type":"PropertyValueSpecification","valueRequired":true,"valueName":"search_term_string"}}],"inLanguage":"it-IT"},{"@type":"Organization","@id":"https:\/\/www.prolocoaltessanovenaria.eu\/sito\/#organization","name":"ProLoco Altessano Venaria","url":"https:\/\/www.prolocoaltessanovenaria.eu\/sito\/","logo":{"@type":"ImageObject","inLanguage":"it-IT","@id":"https:\/\/www.prolocoaltessanovenaria.eu\/sito\/#\/schema\/logo\/image\/","url":"https:\/\/www.prolocoaltessanovenaria.eu\/sito\/wp-content\/uploads\/2015\/03\/losanga-logo-pro-loco.png","contentUrl":"https:\/\/www.prolocoaltessanovenaria.eu\/sito\/wp-content\/uploads\/2015\/03\/losanga-logo-pro-loco.png","width":643,"height":143,"caption":"ProLoco Altessano Venaria"},"image":{"@id":"https:\/\/www.prolocoaltessanovenaria.eu\/sito\/#\/schema\/logo\/image\/"},"sameAs":["https:\/\/www.facebook.com\/Associazione-Turistica-Pro-Loco-Altessano-Venaria-Reale-1412029292342779\/","https:\/\/www.instagram.com\/proloco_altessano_venaria\/"]},{"@type":"Person","@id":"https:\/\/www.prolocoaltessanovenaria.eu\/sito\/#\/schema\/person\/68a7d7a6eb0ced6ed31a0d455116b62b","name":"redazione","url":"https:\/\/www.prolocoaltessanovenaria.eu\/sito\/author\/redazione\/"}]}},"_links":{"self":[{"href":"https:\/\/www.prolocoaltessanovenaria.eu\/sito\/wp-json\/wp\/v2\/posts\/8821","targetHints":{"allow":["GET"]}}],"collection":[{"href":"https:\/\/www.prolocoaltessanovenaria.eu\/sito\/wp-json\/wp\/v2\/posts"}],"about":[{"href":"https:\/\/www.prolocoaltessanovenaria.eu\/sito\/wp-json\/wp\/v2\/types\/post"}],"author":[{"embeddable":true,"href":"https:\/\/www.prolocoaltessanovenaria.eu\/sito\/wp-json\/wp\/v2\/users\/7"}],"replies":[{"embeddable":true,"href":"https:\/\/www.prolocoaltessanovenaria.eu\/sito\/wp-json\/wp\/v2\/comments?post=8821"}],"version-history":[{"count":8,"href":"https:\/\/www.prolocoaltessanovenaria.eu\/sito\/wp-json\/wp\/v2\/posts\/8821\/revisions"}],"predecessor-version":[{"id":8842,"href":"https:\/\/www.prolocoaltessanovenaria.eu\/sito\/wp-json\/wp\/v2\/posts\/8821\/revisions\/8842"}],"wp:featuredmedia":[{"embeddable":true,"href":"https:\/\/www.prolocoaltessanovenaria.eu\/sito\/wp-json\/wp\/v2\/media\/8829"}],"wp:attachment":[{"href":"https:\/\/www.prolocoaltessanovenaria.eu\/sito\/wp-json\/wp\/v2\/media?parent=8821"}],"wp:term":[{"taxonomy":"category","embeddable":true,"href":"https:\/\/www.prolocoaltessanovenaria.eu\/sito\/wp-json\/wp\/v2\/categories?post=8821"},{"taxonomy":"post_tag","embeddable":true,"href":"https:\/\/www.prolocoaltessanovenaria.eu\/sito\/wp-json\/wp\/v2\/tags?post=8821"}],"curies":[{"name":"wp","href":"https:\/\/api.w.org\/{rel}","templated":true}]}}