{"id":9219,"date":"2021-11-22T12:50:11","date_gmt":"2021-11-22T11:50:11","guid":{"rendered":"https:\/\/www.prolocoaltessanovenaria.eu\/sito\/?p=9219"},"modified":"2022-05-04T14:03:25","modified_gmt":"2022-05-04T12:03:25","slug":"altessano","status":"publish","type":"post","link":"https:\/\/www.prolocoaltessanovenaria.eu\/sito\/altessano\/","title":{"rendered":"Altessano"},"content":{"rendered":"<p><strong>I Cremieu ad Altessano\u00a0<\/strong><\/p>\n<p style=\"text-align: justify;\">(Le vicende dei Cremieu nel Ducato di Savoia qui narrate, sono desunte da diverse fonti bibliografiche, talvolta non concordanti. Pertanto si ritiene che il testo proposto pur essendo esaustivo, potr\u00e0 denunciare lacune che solo altre ricerche storiche potranno colmare. N.d.R.).<\/p>\n<p style=\"text-align: justify;\">Il casato dei Cremieu fonda le sue radici nel Delfinato. Gli Henry di Cremieu, con il trattato di Cateau-Cambr\u00e9sis (1559) si trasferirono in Piemonte, alla corte di Emanuele Filiberto. Naturalizzato francese Nicolas (Nicolao) Henry de Cremieu<sup>1<\/sup> , insieme alla sua famiglia, nel 1576, per concessione del re di Francia Enrico III, prosegu\u00ec l\u2019opera di espansione territoriale nel ducato sabaudo, dismettendo progressivamente tutti i possedimenti d\u2019oltralpe (Galli 2006, p. 116). Il gentiluomo, spos\u00f2 Violante figlia di Filippo conte di Savoia \u2013 Racconigi, (Treccani Dizionario Biografico degli Italiani: voce SAVOIA RACCONIGI, Filippo, conte di), la maggiore di sei sorelle, ultima erede del ramo dei Savoia-Racconigi, derivanti dagli Acaja, principi di Piemonte. Il duca Emanuele Filiberto nel 1565 cedette al Conte Nicolas Henry de Cremieu, suo Scudiero, il feudo di Altessano Inferiore, con il beneficio dell\u2019ereditariet\u00e0. Ci\u00f2 signific\u00f2 che alla morte senza eredi del Conte, Altessano sarebbe tornato ai Savoia (Balma, Bertolone, Bracco, Caglio, Gallian, Rolando 1996. p. 19). L\u2019acquisizione del feudo di Altessano si articol\u00f2 con diversi passaggi: Nicolas Henry de Cremieu, impegnato nell\u2019acquisizione di nuove terre in Piemonte, compr\u00f2, in un primo momento, il feudo di Stupinigi per cederlo, nel 1564, al duca Emanuele Filiberto, in cambio di Altessano Inferiore, fondo appartenuto originariamente a Pietro Cara, senatore ed ambasciatore di un\u2019antica famiglia aristocratica, e successivamente a Renato Birago, commissario generale agli approvvigionamenti in Piemonte (Galli 2006, p, 116). Il feudo di Altessano Inferiore, frazionato ed infeudato a pi\u00f9 famiglie, tra cui gli Arcour e gli Scaravelli, fu utilizzato come merce di scambio per cementare i rapporti tra corte e nobilt\u00e0 locale, dopo il 1560 torn\u00f2 nelle mani dei Savoia per essere nuovamente ceduto, per ventiquattro mila scudi d\u2019oro del sole, insieme al titolo di conte, il 10 giugno 1564, da Emanuele Filiberto a Nicolas Henry di Cremieux, futuro feudatario dell\u2019intero territorio di Altessano Inferiore<sup>2<\/sup>:<\/p>\n<figure id=\"attachment_9540\" aria-describedby=\"caption-attachment-9540\" style=\"width: 296px\" class=\"wp-caption alignleft\"><img fetchpriority=\"high\" decoding=\"async\" class=\"wp-image-9540 \" src=\"https:\/\/www.prolocoaltessanovenaria.eu\/sito\/wp-content\/uploads\/2021\/11\/foto-altessano02.png\" alt=\"\" width=\"296\" height=\"406\" srcset=\"https:\/\/www.prolocoaltessanovenaria.eu\/sito\/wp-content\/uploads\/2021\/11\/foto-altessano02.png 255w, https:\/\/www.prolocoaltessanovenaria.eu\/sito\/wp-content\/uploads\/2021\/11\/foto-altessano02-219x300.png 219w\" sizes=\"(max-width: 296px) 100vw, 296px\" \/><figcaption id=\"caption-attachment-9540\" class=\"wp-caption-text\">Duca Emanuele Filiberto, detto &#8220;Testa di Ferro&#8221;<\/figcaption><\/figure>\n<p style=\"text-align: justify;\"><em>\u00abnell\u2019anno della nativit\u00e0 1564 il 10 giugno [\u2026] il seren signore Emanuele Filiberto duca di Savoia Principe di Piemonte [\u2026] per titolo di pura e mera vendita ha dato [\u2026] ad Ill. sign. di Cremie\u00f9, per s\u00e9, suoi eredi e successori [\u2026] il luogo di Altessano di basso come sua giurisdizione, fedelt\u00e0 d\u2019uomini, Palazzo, Casamenti, Giardini, Grange, possessioni, prati, boschi, molino, resiga, porto di sopra il fiume Stura e Ceronda, Bealere, acque e acquedotti [\u2026] e ci\u00f2 per il prezzo di scudi 24\/m d\u2019oro del sole di buona lega e giusto peso [\u2026] S.A. eregisce il suddetto luogo territorio e permanenze d\u2019Altessano in titolo di Contado\u00bb.<\/em><\/p>\n<p style=\"text-align: justify;\">Nicolas Henry de Cremieu provvide a restaurare il castello di Altessano Inferiore ove stabil\u00ec la sua residenza<sup>3<\/sup> . Istitu\u00ec la Parrocchia concedendo in dote 36 giornate di terreno (Fricchione, Perrotta 2018, p. 68), ne finanzi\u00f2 il restauro, acquisendo il diritto di nomina dei Prevosti, in accordo dell\u2019arcivescovo di Torino card. Girolamo della Rovere. Il 14 novembre 1577 Henry de Cremieu chiese e ottenne dal cardinale Gerolamo della Rovere, di dividere le chiese di Altessano Inferiore (san Lorenzo) e di Altessano Superiore (beata Maria Vergine), costituendole in parrocchie distinte. La prima visita pastorale del nunzio mons. Angelo Peruzzi, avvenuta tra il 1584 e il 1585, ne attesta la separazione (De Franco 2014. Altre Presenze Ecclesiastiche (ASAT, Visite pastorali, 7.1.5, 1584); Vedi anche Sitografia 1 e Caglio 2012, p. 7). Nello stesso anno, Don Giovanni Boeti [in Ballone, Racca 1998, pag. 170, il parroco \u00e8 citato come Boetti. N.d.R.] di Foglizzo (Ivrea) venne indicato dal Conte di Altessano Inferiore, Nicolao Henry de Cremieu, come parroco al Cardinale Gerolamo della Rovere. Don Giovanni Boeti morir\u00e0 nel febbraio 1608 dopo 31 anni di cura parrocchiale (Balma, Bertolone, Bracco, Caglio, Gallian, Rolando 1996. p. 83). Paola Henry de Cremieux, figlia di Nicolas, spos\u00f2 nel 1580 Carlo di Provana figlio di Niccol\u00f2. Con lettere patenti di donazione del duca Carlo Emanuele I del 22 settembre 1580 e il matrimonio di Carlo di Druent con la de Cremieu, favorirono alla famiglia Provana l\u2019accumulo di una serie di feudi e di propriet\u00e0 allodiali<sup>4<\/sup> , tutte situate dalla Madonna di Campagna verso le terre di Druent e di Altessano, costituendo un insieme territoriale di notevole estensione, reddito e potere. Carlo di Provana morir\u00e0 nel 1599 (Castagno 2002, p. 33). Alla morte di Nicolas, il figlio Ottavio secondo Conte di Altessano, ancora in minore et\u00e0, venne investito dei feudi sotto la tutela della madre Violante. Il duca Carlo Emanuele I, il 10 ottobre 1602, gli fece dono di altri feudi in Altessano Superiore, un tempo di propriet\u00e0 di un Capitano Angle di Villa (Galli 2006, p. 117), essendo questi deceduto senza eredi.<\/p>\n<figure id=\"attachment_9541\" aria-describedby=\"caption-attachment-9541\" style=\"width: 505px\" class=\"wp-caption aligncenter\"><img decoding=\"async\" class=\"wp-image-9541 \" src=\"https:\/\/www.prolocoaltessanovenaria.eu\/sito\/wp-content\/uploads\/2021\/11\/foto-altessano03.png\" alt=\"\" width=\"505\" height=\"211\" srcset=\"https:\/\/www.prolocoaltessanovenaria.eu\/sito\/wp-content\/uploads\/2021\/11\/foto-altessano03.png 483w, https:\/\/www.prolocoaltessanovenaria.eu\/sito\/wp-content\/uploads\/2021\/11\/foto-altessano03-300x125.png 300w\" sizes=\"(max-width: 505px) 100vw, 505px\" \/><figcaption id=\"caption-attachment-9541\" class=\"wp-caption-text\">Clemente Rovere, disegno, 1840, Antica Chiesa di Altessano. A sinistra il filatoio.<\/figcaption><\/figure>\n<p style=\"text-align: justify;\">Tra il 1603 e il 1607 venne nominato gran scudiere. Rapida fu l\u2019ascesa al potere del giovane Ottavio, era infatti entrato a corte in qualit\u00e0 di paggio, diventando gentiluomo di camera nel 1589 e primo scudiere nel 1593. In segno di affetto nei suoi confronti, il duca Carlo Emanuele I nel testamento del 1605 stabiliva di lasciargli \u00abtutta la nostra stalla, un par d\u2019armi, una spada delle nostre et cinquecento scudi d\u2019entrata per lui et suoi figlioli\u00bb. Tale stima da parte di Carlo Emanuele I non imped\u00ec per\u00f2 che il gran scudiere, coinvolto in uno scandalo di corte, probabilmente nel 1607, venisse poi allontanato da Torino e \u00abprivato di offici con disgrazia di Sua Altezza\u00bb (Stango, Merlin, 1998, p. 263). Evidentemente la punizione di Ottavio fu temporanea perch\u00e9 Il 14 aprile 1608, lo troviamo nel pieno delle sue funzioni. Infatti indic\u00f2 Don Giovanni Cristoforo Settimo di Strambino (Ivrea), come parroco di Altessano Inferiore all\u2019arcivescovo di Torino Carlo Broglia. Don Giovanni Cristoforo Settimo rinuncer\u00e0 all\u2019incarico il 30 giugno 1631 dopo 23 anni di cura parrocchiale (Balma, Bertolone, Bracco, Caglio, Gallian, Rolando 1996. p. 83). Al signore di Altessano Inferiore, Ottavio Henry de Cremieu, si deve il ritrovamento delle reliquie di San Marchese, patrono del Borgo di Altessano. Infatti il ritrovamento avvenne il 26 giugno 1604 all\u2019interno di una cappella tardo romana, alla presenza del cardinal arcivescovo Carlo Broglia, del duca di Savoia Carlo Emanuele I, del signore Ottavio Henry de Cremieu, conte di Altessano, sotto l\u2019altar maggiore venne alla luce una cassetta lignea, ormai consunta, contenente le reliquie del santo. (Balma, Bertolone, Bracco, Caglio, Gallian, Rolando 1996. p. 19 e 20). Il 22 novembre 1621, entrarono nel feudo di Altessano Superiore nuovi signori, in particolare Ottavio Henry de Cremieu, signore della vicina Altessano Inferiore; l\u2019estinzione della linea maschile dei Cremieu fece subentrare i Provana di Druent, ovvero la pi\u00f9 alta e qualificata nobilt\u00e0 piemontese: Paola de Cremieu, figlia dell\u2019ultimo discendente Nicolao, spos\u00f2 Carlo Provana, il cui primogenito, Francesco, sar\u00e0 in seguito investito del feudo di Altessano Superiore (De Franco 2014. Feudo. (AST, Sezioni Riunite, Camerale Piemonte, Indice dei feudi, vol. 283, AB in AZ, Altessano Superiore, 1621, novembre 22). Con questo matrimonio si conclude l\u2019epopea dei Cremieu. Altre famiglie, altri casati si susseguiranno sul palcoscenico della storia di Altessano.<\/p>\n<figure id=\"attachment_9456\" aria-describedby=\"caption-attachment-9456\" style=\"width: 300px\" class=\"wp-caption aligncenter\"><img decoding=\"async\" class=\"wp-image-9456 size-full\" src=\"https:\/\/www.prolocoaltessanovenaria.eu\/sito\/wp-content\/uploads\/2021\/11\/cattura-09.png\" alt=\"\" width=\"300\" height=\"375\" srcset=\"https:\/\/www.prolocoaltessanovenaria.eu\/sito\/wp-content\/uploads\/2021\/11\/cattura-09.png 300w, https:\/\/www.prolocoaltessanovenaria.eu\/sito\/wp-content\/uploads\/2021\/11\/cattura-09-240x300.png 240w\" sizes=\"(max-width: 300px) 100vw, 300px\" \/><figcaption id=\"caption-attachment-9456\" class=\"wp-caption-text\">Stemma del casato de Cremieu, campo argento, al cuore di rosso, carico delle lettere IHS, d&#8217;oro, con il capo d&#8217;azzurro, carico di un leone leopardato, d&#8217;argento. (Fonte: https:\/\/www.armoriale.it\/wiki\/Armoriale_delle_famiglie_italiane_(He) )<\/figcaption><\/figure>\n<p>&nbsp;<\/p>\n<p style=\"text-align: justify;\"><sup>1<\/sup>Nicolas Henry de Cremieu, figlio di Guyot Henry, conte di Cremieu (? \u2013 1545), signore di Quirieu, de la Balme nel Delfinato e di Pernette Faure. (cfr. Albero genealogico dei Cremieu, in https:\/\/gw.geneanet.org\/pierfitlang=fr&amp;p=nicolas&amp;n=henry&amp;oc=11).<\/p>\n<p style=\"text-align: justify;\"><sup>2<\/sup>1564, Vendita del Duca Emanuele Filiberto di Savoia a favore di Nicolao Henri di Cremieu del feudo di Altessano Inferiore, Torino, Opera Pia Barolo, Archivio Storico della Famiglia Barolo e delle Famiglie Alleate, mazzo 2 n\u00b0 9, riportata in Galli 2006, p. 136.\u00a0<\/p>\n<p style=\"text-align: justify;\"><sup>3<\/sup>Il Castello di Altessano Inferiore era situato nella zona prospicente alla vecchia Chiesa di Altessano, sul lato Est dell\u2019attuale piazza Costituente. Il castello era ancora esistente, se pur allo stato di rudere, a met\u00e0 del Settecento. Nel 1753, venne trasformato in una manifattura per la lavorazione della seta (Galli 2006, p. 253 e sg.): il filatoio Barbaroux. Successivamente venne inglobato nello stabilimento SNIA. Oggi se ne sono perse le tracce.<\/p>\n<p style=\"text-align: justify;\"><sup>4<\/sup>Il termine allodio \u00e8 utilizzato nel Medioevo per indicare i beni e le terre possedute in piena propriet\u00e0, in opposizione ai termini feudo o &#8220;beneficio&#8221;, con i quali si indicavano invece i beni ricevuti in concessione da un signore dietro prestazione di un giuramento di fedelt\u00e0.<\/p>\n<p>&nbsp;<\/p>\n<p style=\"text-align: justify;\">Bibliografia<\/p>\n<p style=\"text-align: justify;\">\n<strong>Ballone, Racca 1998:<\/strong> BALLONE Adriano, RACCA Guglielmo, All\u2019ombra dei Savoia. Storia di Venaria Reale, Allemandi Editore, Torino, 1998.<\/p>\n<p style=\"text-align: justify;\">\n<strong>Balma, Bertolone, Bracco, Caglio, Gallian, Rolando 1996:<\/strong> BALMA Anacleto, BERTOLONE Felice, BRACCO Sergio, CAGLIO Paolo, GALLIAN Gianni, ROLANDO Paolo. Altessano e la Pia Societ\u00e0 di San Marchese. 1996.<\/p>\n<p style=\"text-align: justify;\">\n<strong>Caglio 2012:<\/strong> CAGLIO Paolo, Chiesa parrocchiale Nativit\u00e0 di Maria Vergine&#8221; &#8211; Venaria Reale (Torino). 1762\/2012. 250\u00b0 di Consacrazione. Tipografia Commerciale, 2012.<\/p>\n<p style=\"text-align: justify;\">\n<strong>Castagno 2002:<\/strong> CASTAGNO Paolo, Notizie sulla famiglia Provana, Carignano Stultifera Navis, 2002.<br \/>\nVedi anche https:\/\/docplayer.it\/5639135-Paolo-castagno-notizie-sulla-famiglia-provana.html<\/p>\n<p style=\"text-align: justify;\">\n<strong>De Franco 2014:<\/strong> DE FRANCO Davide, Venaria Reale, Ricerca pubblicata su<br \/>\nhttps:\/\/www.archiviocasalis.it\/localized-install\/biblio\/torino\/venaria-realeSitografia 5<\/p>\n<p style=\"text-align: justify;\">\n<strong>Fricchione, Perrotta 2018:<\/strong> FRICCHIONE Erica, PERROTTA Elia, Specificit\u00e0 e identit\u00e0 costruite intorno a una Reggia: la citt\u00e0 di Venaria Reale (XVII \u2013 XXI secolo), tesi di Laurea Magistrale in Pianificazione e Progettazione della Citt\u00e0 e del Territorio, Relatrice Prof.ssa Lucia Carle, 2018.<br \/>\nPubblicata su: http:\/\/lnx.pubblitesi.it\/schede-sintetiche\/area-scientifica\/1367-elia-perrottaspecificita-e-identita-costruite-intorno-a-una-reggia-la-citta-di-venaria-reale-xvii-xxi-secolo<br \/>\nStemma del casato de Cremieu, campo argento, al cuore di rosso, carico delle lettere IHS, d&#8217;oro, con il capo d&#8217;azzurro, carico di un leone leopardato, d&#8217;argento.<\/p>\n<p style=\"text-align: justify;\">\n<strong>Galli 2006:<\/strong> GALLI Elena. Tra Dora e Stura: Il territorio di Altessano tra seicento e ottocento dall\u2019Archivio Barolo. Tesi di Laurea in Architettura, Anno accademico 2005-2006. Relatori: Vera Comoli e Vittorio Defabiani.<\/p>\n<p style=\"text-align: justify;\">\n<strong>Miranti 2006:<\/strong> Don MIRANTI Michelangelo. 1906-2006 Cent\u2019anni della chiesa di San Lorenzo Martire in Altessano \u2013 Venaria Reale. Tipografia Commerciale, Venaria Reale, 2006<\/p>\n<p style=\"text-align: justify;\">\n<strong>Stango, Merlin 1998:<\/strong> Stango C., Merlin P., La corte da Emanuele Filiberto a Carlo Emanuele I, in Storia di Torino, Vol. III a cura di G. Recuperati, Giulio Einaudi Ed., Torino, 1998.<\/p>\n<p style=\"text-align: justify;\">Treccani Dizionario Biografico degli Italiani &#8211; Volume 91, 2018.<\/p>\n<p style=\"text-align: justify;\">\n<strong>Sitografia<\/strong>: Cronologia della parrocchia di San Lorenzo<br \/>\nhttps:\/\/digilander.libero.it\/slorenzovenaria\/date.htm<\/p>\n<p style=\"text-align: justify;\">\u00a0<\/p>\n","protected":false},"excerpt":{"rendered":"<p>I Cremieu ad Altessano\u00a0 (Le vicende dei Cremieu nel Ducato di Savoia qui narrate, sono desunte da diverse fonti bibliografiche, talvolta non concordanti. Pertanto si ritiene che il testo proposto pur essendo esaustivo, potr\u00e0 denunciare lacune che solo altre ricerche storiche potranno colmare. N.d.R.). Il casato dei Cremieu fonda le sue radici nel Delfinato. Gli [&hellip;]<\/p>\n","protected":false},"author":7,"featured_media":0,"comment_status":"closed","ping_status":"closed","sticky":false,"template":"","format":"standard","meta":{"footnotes":""},"categories":[103],"tags":[],"class_list":["post-9219","post","type-post","status-publish","format-standard","hentry","category-plance-stazione"],"yoast_head":"<!-- This site is optimized with the Yoast SEO plugin v27.3 - https:\/\/yoast.com\/product\/yoast-seo-wordpress\/ -->\n<title>Altessano - ProLoco Altessano Venaria<\/title>\n<meta name=\"robots\" content=\"index, follow, max-snippet:-1, max-image-preview:large, max-video-preview:-1\" \/>\n<link rel=\"canonical\" href=\"https:\/\/www.prolocoaltessanovenaria.eu\/sito\/altessano\/\" \/>\n<meta property=\"og:locale\" content=\"it_IT\" \/>\n<meta property=\"og:type\" content=\"article\" \/>\n<meta property=\"og:title\" content=\"Altessano - ProLoco Altessano Venaria\" \/>\n<meta property=\"og:description\" content=\"I Cremieu ad Altessano\u00a0 (Le vicende dei Cremieu nel Ducato di Savoia qui narrate, sono desunte da diverse fonti bibliografiche, talvolta non concordanti. Pertanto si ritiene che il testo proposto pur essendo esaustivo, potr\u00e0 denunciare lacune che solo altre ricerche storiche potranno colmare. N.d.R.). Il casato dei Cremieu fonda le sue radici nel Delfinato. Gli [&hellip;]\" \/>\n<meta property=\"og:url\" content=\"https:\/\/www.prolocoaltessanovenaria.eu\/sito\/altessano\/\" \/>\n<meta property=\"og:site_name\" content=\"ProLoco Altessano Venaria\" \/>\n<meta property=\"article:publisher\" content=\"https:\/\/www.facebook.com\/Associazione-Turistica-Pro-Loco-Altessano-Venaria-Reale-1412029292342779\/\" \/>\n<meta property=\"article:published_time\" content=\"2021-11-22T11:50:11+00:00\" \/>\n<meta property=\"article:modified_time\" content=\"2022-05-04T12:03:25+00:00\" \/>\n<meta property=\"og:image\" content=\"https:\/\/www.prolocoaltessanovenaria.eu\/sito\/wp-content\/uploads\/2021\/11\/foto-altessano02.png\" \/>\n<meta name=\"author\" content=\"redazione\" \/>\n<meta name=\"twitter:card\" content=\"summary_large_image\" \/>\n<meta name=\"twitter:label1\" content=\"Scritto da\" \/>\n\t<meta name=\"twitter:data1\" content=\"redazione\" \/>\n\t<meta name=\"twitter:label2\" content=\"Tempo di lettura stimato\" \/>\n\t<meta name=\"twitter:data2\" content=\"8 minuti\" \/>\n<script type=\"application\/ld+json\" class=\"yoast-schema-graph\">{\"@context\":\"https:\\\/\\\/schema.org\",\"@graph\":[{\"@type\":\"Article\",\"@id\":\"https:\\\/\\\/www.prolocoaltessanovenaria.eu\\\/sito\\\/altessano\\\/#article\",\"isPartOf\":{\"@id\":\"https:\\\/\\\/www.prolocoaltessanovenaria.eu\\\/sito\\\/altessano\\\/\"},\"author\":{\"name\":\"redazione\",\"@id\":\"https:\\\/\\\/www.prolocoaltessanovenaria.eu\\\/sito\\\/#\\\/schema\\\/person\\\/68a7d7a6eb0ced6ed31a0d455116b62b\"},\"headline\":\"Altessano\",\"datePublished\":\"2021-11-22T11:50:11+00:00\",\"dateModified\":\"2022-05-04T12:03:25+00:00\",\"mainEntityOfPage\":{\"@id\":\"https:\\\/\\\/www.prolocoaltessanovenaria.eu\\\/sito\\\/altessano\\\/\"},\"wordCount\":1676,\"publisher\":{\"@id\":\"https:\\\/\\\/www.prolocoaltessanovenaria.eu\\\/sito\\\/#organization\"},\"image\":{\"@id\":\"https:\\\/\\\/www.prolocoaltessanovenaria.eu\\\/sito\\\/altessano\\\/#primaryimage\"},\"thumbnailUrl\":\"https:\\\/\\\/www.prolocoaltessanovenaria.eu\\\/sito\\\/wp-content\\\/uploads\\\/2021\\\/11\\\/foto-altessano02.png\",\"articleSection\":[\"Plance Stazione\"],\"inLanguage\":\"it-IT\"},{\"@type\":\"WebPage\",\"@id\":\"https:\\\/\\\/www.prolocoaltessanovenaria.eu\\\/sito\\\/altessano\\\/\",\"url\":\"https:\\\/\\\/www.prolocoaltessanovenaria.eu\\\/sito\\\/altessano\\\/\",\"name\":\"Altessano - ProLoco Altessano Venaria\",\"isPartOf\":{\"@id\":\"https:\\\/\\\/www.prolocoaltessanovenaria.eu\\\/sito\\\/#website\"},\"primaryImageOfPage\":{\"@id\":\"https:\\\/\\\/www.prolocoaltessanovenaria.eu\\\/sito\\\/altessano\\\/#primaryimage\"},\"image\":{\"@id\":\"https:\\\/\\\/www.prolocoaltessanovenaria.eu\\\/sito\\\/altessano\\\/#primaryimage\"},\"thumbnailUrl\":\"https:\\\/\\\/www.prolocoaltessanovenaria.eu\\\/sito\\\/wp-content\\\/uploads\\\/2021\\\/11\\\/foto-altessano02.png\",\"datePublished\":\"2021-11-22T11:50:11+00:00\",\"dateModified\":\"2022-05-04T12:03:25+00:00\",\"breadcrumb\":{\"@id\":\"https:\\\/\\\/www.prolocoaltessanovenaria.eu\\\/sito\\\/altessano\\\/#breadcrumb\"},\"inLanguage\":\"it-IT\",\"potentialAction\":[{\"@type\":\"ReadAction\",\"target\":[\"https:\\\/\\\/www.prolocoaltessanovenaria.eu\\\/sito\\\/altessano\\\/\"]}]},{\"@type\":\"ImageObject\",\"inLanguage\":\"it-IT\",\"@id\":\"https:\\\/\\\/www.prolocoaltessanovenaria.eu\\\/sito\\\/altessano\\\/#primaryimage\",\"url\":\"https:\\\/\\\/www.prolocoaltessanovenaria.eu\\\/sito\\\/wp-content\\\/uploads\\\/2021\\\/11\\\/foto-altessano02.png\",\"contentUrl\":\"https:\\\/\\\/www.prolocoaltessanovenaria.eu\\\/sito\\\/wp-content\\\/uploads\\\/2021\\\/11\\\/foto-altessano02.png\",\"width\":255,\"height\":350,\"caption\":\"Duke Emanuele Filiberto\"},{\"@type\":\"BreadcrumbList\",\"@id\":\"https:\\\/\\\/www.prolocoaltessanovenaria.eu\\\/sito\\\/altessano\\\/#breadcrumb\",\"itemListElement\":[{\"@type\":\"ListItem\",\"position\":1,\"name\":\"Home\",\"item\":\"https:\\\/\\\/www.prolocoaltessanovenaria.eu\\\/sito\\\/\"},{\"@type\":\"ListItem\",\"position\":2,\"name\":\"Altessano\"}]},{\"@type\":\"WebSite\",\"@id\":\"https:\\\/\\\/www.prolocoaltessanovenaria.eu\\\/sito\\\/#website\",\"url\":\"https:\\\/\\\/www.prolocoaltessanovenaria.eu\\\/sito\\\/\",\"name\":\"ProLoco Altessano Venaria\",\"description\":\"Associazione Turistica ProLoco Altessano Venaria\",\"publisher\":{\"@id\":\"https:\\\/\\\/www.prolocoaltessanovenaria.eu\\\/sito\\\/#organization\"},\"potentialAction\":[{\"@type\":\"SearchAction\",\"target\":{\"@type\":\"EntryPoint\",\"urlTemplate\":\"https:\\\/\\\/www.prolocoaltessanovenaria.eu\\\/sito\\\/?s={search_term_string}\"},\"query-input\":{\"@type\":\"PropertyValueSpecification\",\"valueRequired\":true,\"valueName\":\"search_term_string\"}}],\"inLanguage\":\"it-IT\"},{\"@type\":\"Organization\",\"@id\":\"https:\\\/\\\/www.prolocoaltessanovenaria.eu\\\/sito\\\/#organization\",\"name\":\"ProLoco Altessano Venaria\",\"url\":\"https:\\\/\\\/www.prolocoaltessanovenaria.eu\\\/sito\\\/\",\"logo\":{\"@type\":\"ImageObject\",\"inLanguage\":\"it-IT\",\"@id\":\"https:\\\/\\\/www.prolocoaltessanovenaria.eu\\\/sito\\\/#\\\/schema\\\/logo\\\/image\\\/\",\"url\":\"https:\\\/\\\/www.prolocoaltessanovenaria.eu\\\/sito\\\/wp-content\\\/uploads\\\/2015\\\/03\\\/losanga-logo-pro-loco.png\",\"contentUrl\":\"https:\\\/\\\/www.prolocoaltessanovenaria.eu\\\/sito\\\/wp-content\\\/uploads\\\/2015\\\/03\\\/losanga-logo-pro-loco.png\",\"width\":643,\"height\":143,\"caption\":\"ProLoco Altessano Venaria\"},\"image\":{\"@id\":\"https:\\\/\\\/www.prolocoaltessanovenaria.eu\\\/sito\\\/#\\\/schema\\\/logo\\\/image\\\/\"},\"sameAs\":[\"https:\\\/\\\/www.facebook.com\\\/Associazione-Turistica-Pro-Loco-Altessano-Venaria-Reale-1412029292342779\\\/\",\"https:\\\/\\\/www.instagram.com\\\/proloco_altessano_venaria\\\/\"]},{\"@type\":\"Person\",\"@id\":\"https:\\\/\\\/www.prolocoaltessanovenaria.eu\\\/sito\\\/#\\\/schema\\\/person\\\/68a7d7a6eb0ced6ed31a0d455116b62b\",\"name\":\"redazione\",\"url\":\"https:\\\/\\\/www.prolocoaltessanovenaria.eu\\\/sito\\\/author\\\/redazione\\\/\"}]}<\/script>\n<!-- \/ Yoast SEO plugin. -->","yoast_head_json":{"title":"Altessano - ProLoco Altessano Venaria","robots":{"index":"index","follow":"follow","max-snippet":"max-snippet:-1","max-image-preview":"max-image-preview:large","max-video-preview":"max-video-preview:-1"},"canonical":"https:\/\/www.prolocoaltessanovenaria.eu\/sito\/altessano\/","og_locale":"it_IT","og_type":"article","og_title":"Altessano - ProLoco Altessano Venaria","og_description":"I Cremieu ad Altessano\u00a0 (Le vicende dei Cremieu nel Ducato di Savoia qui narrate, sono desunte da diverse fonti bibliografiche, talvolta non concordanti. Pertanto si ritiene che il testo proposto pur essendo esaustivo, potr\u00e0 denunciare lacune che solo altre ricerche storiche potranno colmare. N.d.R.). Il casato dei Cremieu fonda le sue radici nel Delfinato. Gli [&hellip;]","og_url":"https:\/\/www.prolocoaltessanovenaria.eu\/sito\/altessano\/","og_site_name":"ProLoco Altessano Venaria","article_publisher":"https:\/\/www.facebook.com\/Associazione-Turistica-Pro-Loco-Altessano-Venaria-Reale-1412029292342779\/","article_published_time":"2021-11-22T11:50:11+00:00","article_modified_time":"2022-05-04T12:03:25+00:00","og_image":[{"url":"https:\/\/www.prolocoaltessanovenaria.eu\/sito\/wp-content\/uploads\/2021\/11\/foto-altessano02.png","type":"","width":"","height":""}],"author":"redazione","twitter_card":"summary_large_image","twitter_misc":{"Scritto da":"redazione","Tempo di lettura stimato":"8 minuti"},"schema":{"@context":"https:\/\/schema.org","@graph":[{"@type":"Article","@id":"https:\/\/www.prolocoaltessanovenaria.eu\/sito\/altessano\/#article","isPartOf":{"@id":"https:\/\/www.prolocoaltessanovenaria.eu\/sito\/altessano\/"},"author":{"name":"redazione","@id":"https:\/\/www.prolocoaltessanovenaria.eu\/sito\/#\/schema\/person\/68a7d7a6eb0ced6ed31a0d455116b62b"},"headline":"Altessano","datePublished":"2021-11-22T11:50:11+00:00","dateModified":"2022-05-04T12:03:25+00:00","mainEntityOfPage":{"@id":"https:\/\/www.prolocoaltessanovenaria.eu\/sito\/altessano\/"},"wordCount":1676,"publisher":{"@id":"https:\/\/www.prolocoaltessanovenaria.eu\/sito\/#organization"},"image":{"@id":"https:\/\/www.prolocoaltessanovenaria.eu\/sito\/altessano\/#primaryimage"},"thumbnailUrl":"https:\/\/www.prolocoaltessanovenaria.eu\/sito\/wp-content\/uploads\/2021\/11\/foto-altessano02.png","articleSection":["Plance Stazione"],"inLanguage":"it-IT"},{"@type":"WebPage","@id":"https:\/\/www.prolocoaltessanovenaria.eu\/sito\/altessano\/","url":"https:\/\/www.prolocoaltessanovenaria.eu\/sito\/altessano\/","name":"Altessano - ProLoco Altessano Venaria","isPartOf":{"@id":"https:\/\/www.prolocoaltessanovenaria.eu\/sito\/#website"},"primaryImageOfPage":{"@id":"https:\/\/www.prolocoaltessanovenaria.eu\/sito\/altessano\/#primaryimage"},"image":{"@id":"https:\/\/www.prolocoaltessanovenaria.eu\/sito\/altessano\/#primaryimage"},"thumbnailUrl":"https:\/\/www.prolocoaltessanovenaria.eu\/sito\/wp-content\/uploads\/2021\/11\/foto-altessano02.png","datePublished":"2021-11-22T11:50:11+00:00","dateModified":"2022-05-04T12:03:25+00:00","breadcrumb":{"@id":"https:\/\/www.prolocoaltessanovenaria.eu\/sito\/altessano\/#breadcrumb"},"inLanguage":"it-IT","potentialAction":[{"@type":"ReadAction","target":["https:\/\/www.prolocoaltessanovenaria.eu\/sito\/altessano\/"]}]},{"@type":"ImageObject","inLanguage":"it-IT","@id":"https:\/\/www.prolocoaltessanovenaria.eu\/sito\/altessano\/#primaryimage","url":"https:\/\/www.prolocoaltessanovenaria.eu\/sito\/wp-content\/uploads\/2021\/11\/foto-altessano02.png","contentUrl":"https:\/\/www.prolocoaltessanovenaria.eu\/sito\/wp-content\/uploads\/2021\/11\/foto-altessano02.png","width":255,"height":350,"caption":"Duke Emanuele Filiberto"},{"@type":"BreadcrumbList","@id":"https:\/\/www.prolocoaltessanovenaria.eu\/sito\/altessano\/#breadcrumb","itemListElement":[{"@type":"ListItem","position":1,"name":"Home","item":"https:\/\/www.prolocoaltessanovenaria.eu\/sito\/"},{"@type":"ListItem","position":2,"name":"Altessano"}]},{"@type":"WebSite","@id":"https:\/\/www.prolocoaltessanovenaria.eu\/sito\/#website","url":"https:\/\/www.prolocoaltessanovenaria.eu\/sito\/","name":"ProLoco Altessano Venaria","description":"Associazione Turistica ProLoco Altessano Venaria","publisher":{"@id":"https:\/\/www.prolocoaltessanovenaria.eu\/sito\/#organization"},"potentialAction":[{"@type":"SearchAction","target":{"@type":"EntryPoint","urlTemplate":"https:\/\/www.prolocoaltessanovenaria.eu\/sito\/?s={search_term_string}"},"query-input":{"@type":"PropertyValueSpecification","valueRequired":true,"valueName":"search_term_string"}}],"inLanguage":"it-IT"},{"@type":"Organization","@id":"https:\/\/www.prolocoaltessanovenaria.eu\/sito\/#organization","name":"ProLoco Altessano Venaria","url":"https:\/\/www.prolocoaltessanovenaria.eu\/sito\/","logo":{"@type":"ImageObject","inLanguage":"it-IT","@id":"https:\/\/www.prolocoaltessanovenaria.eu\/sito\/#\/schema\/logo\/image\/","url":"https:\/\/www.prolocoaltessanovenaria.eu\/sito\/wp-content\/uploads\/2015\/03\/losanga-logo-pro-loco.png","contentUrl":"https:\/\/www.prolocoaltessanovenaria.eu\/sito\/wp-content\/uploads\/2015\/03\/losanga-logo-pro-loco.png","width":643,"height":143,"caption":"ProLoco Altessano Venaria"},"image":{"@id":"https:\/\/www.prolocoaltessanovenaria.eu\/sito\/#\/schema\/logo\/image\/"},"sameAs":["https:\/\/www.facebook.com\/Associazione-Turistica-Pro-Loco-Altessano-Venaria-Reale-1412029292342779\/","https:\/\/www.instagram.com\/proloco_altessano_venaria\/"]},{"@type":"Person","@id":"https:\/\/www.prolocoaltessanovenaria.eu\/sito\/#\/schema\/person\/68a7d7a6eb0ced6ed31a0d455116b62b","name":"redazione","url":"https:\/\/www.prolocoaltessanovenaria.eu\/sito\/author\/redazione\/"}]}},"_links":{"self":[{"href":"https:\/\/www.prolocoaltessanovenaria.eu\/sito\/wp-json\/wp\/v2\/posts\/9219","targetHints":{"allow":["GET"]}}],"collection":[{"href":"https:\/\/www.prolocoaltessanovenaria.eu\/sito\/wp-json\/wp\/v2\/posts"}],"about":[{"href":"https:\/\/www.prolocoaltessanovenaria.eu\/sito\/wp-json\/wp\/v2\/types\/post"}],"author":[{"embeddable":true,"href":"https:\/\/www.prolocoaltessanovenaria.eu\/sito\/wp-json\/wp\/v2\/users\/7"}],"replies":[{"embeddable":true,"href":"https:\/\/www.prolocoaltessanovenaria.eu\/sito\/wp-json\/wp\/v2\/comments?post=9219"}],"version-history":[{"count":9,"href":"https:\/\/www.prolocoaltessanovenaria.eu\/sito\/wp-json\/wp\/v2\/posts\/9219\/revisions"}],"predecessor-version":[{"id":10004,"href":"https:\/\/www.prolocoaltessanovenaria.eu\/sito\/wp-json\/wp\/v2\/posts\/9219\/revisions\/10004"}],"wp:attachment":[{"href":"https:\/\/www.prolocoaltessanovenaria.eu\/sito\/wp-json\/wp\/v2\/media?parent=9219"}],"wp:term":[{"taxonomy":"category","embeddable":true,"href":"https:\/\/www.prolocoaltessanovenaria.eu\/sito\/wp-json\/wp\/v2\/categories?post=9219"},{"taxonomy":"post_tag","embeddable":true,"href":"https:\/\/www.prolocoaltessanovenaria.eu\/sito\/wp-json\/wp\/v2\/tags?post=9219"}],"curies":[{"name":"wp","href":"https:\/\/api.w.org\/{rel}","templated":true}]}}