{"id":9418,"date":"2021-12-16T11:06:20","date_gmt":"2021-12-16T10:06:20","guid":{"rendered":"https:\/\/www.prolocoaltessanovenaria.eu\/sito\/?p=9418"},"modified":"2021-12-16T11:06:56","modified_gmt":"2021-12-16T10:06:56","slug":"natale-di-solidarieta","status":"publish","type":"post","link":"https:\/\/www.prolocoaltessanovenaria.eu\/sito\/natale-di-solidarieta\/","title":{"rendered":"Natale di Solidariet\u00e0 e aiuto per l&#8217;Ambiente"},"content":{"rendered":"<p><img fetchpriority=\"high\" decoding=\"async\" class=\" wp-image-9419 alignright\" src=\"https:\/\/www.prolocoaltessanovenaria.eu\/sito\/wp-content\/uploads\/2021\/12\/Locandina-bag-libro-ITINERARIA-logosopra-malva-senza-palle.svg_-727x1024.png\" alt=\"\" width=\"500\" height=\"704\" srcset=\"https:\/\/www.prolocoaltessanovenaria.eu\/sito\/wp-content\/uploads\/2021\/12\/Locandina-bag-libro-ITINERARIA-logosopra-malva-senza-palle.svg_-727x1024.png 727w, https:\/\/www.prolocoaltessanovenaria.eu\/sito\/wp-content\/uploads\/2021\/12\/Locandina-bag-libro-ITINERARIA-logosopra-malva-senza-palle.svg_-213x300.png 213w, https:\/\/www.prolocoaltessanovenaria.eu\/sito\/wp-content\/uploads\/2021\/12\/Locandina-bag-libro-ITINERARIA-logosopra-malva-senza-palle.svg_-768x1082.png 768w, https:\/\/www.prolocoaltessanovenaria.eu\/sito\/wp-content\/uploads\/2021\/12\/Locandina-bag-libro-ITINERARIA-logosopra-malva-senza-palle.svg_-1090x1536.png 1090w, https:\/\/www.prolocoaltessanovenaria.eu\/sito\/wp-content\/uploads\/2021\/12\/Locandina-bag-libro-ITINERARIA-logosopra-malva-senza-palle.svg_-1454x2048.png 1454w\" sizes=\"(max-width: 500px) 100vw, 500px\" \/><\/p>\n<p>Solidariet\u00e0 e Sostenibilit\u00e0 sono due temi di grande attualit\u00e0 che il comune di Venaria Reale ha voluto coniugare con il progetto IMMAGINARIA 2021.<\/p>\n<p>La borsa personalizzata con il tema di IMMAGINARIA e del libro\u00a0<em>Regina, La Cerva<\/em>, di Lorenzo Naia e Andrea\u00a0<\/p>\n<p>Scoppetta \u00e8 solidale e sostenibile.\u00a0<\/p>\n<p><strong>Solidale <\/strong>perch\u00e9 il ricavato sar\u00e0 devoluto a favore dell&#8217;Ospedale Infantile Regina Margherita di Torino, come aiuto per acquistare importanti apparecchiature sanitarie. Il libro contenente la storia di Scoppetta e le illustrazioni di Lorenzo Naia sar\u00e0 ritirabile con un&#8217;offerta minima di 8\u20ac, mentre la borsa con un&#8217;offerta minima di 10\u20ac.<\/p>\n<p><strong>Sostenibile\u00a0<\/strong>perch\u00e9 le borse sono fabbricate con materiale riciclato da rifiuti raccolti in mare, rappresentando un vero simbolo di economia circolare.\u00a0<\/p>\n<p>La borsa ed il libro saranno ritirabili presso tutti gli eventi di IMMAGINARIA 2021 o presso la sede della Pro Loco Altessano-Venaria Reale (Via A. Mensa 34) o ancora alla sede di Fondazione VIA MAESTRA .\u00a0<\/p>\n<p>&nbsp;<\/p>\n<p>Buon Natale di solidariet\u00e0 a tutti. Non dimentichiamo l&#8217;ambiente!<\/p>\n","protected":false},"excerpt":{"rendered":"<p>Solidariet\u00e0 e Sostenibilit\u00e0 sono due temi di grande attualit\u00e0 che il comune di Venaria Reale ha voluto coniugare con il progetto IMMAGINARIA 2021. La borsa personalizzata con il tema di IMMAGINARIA e del libro\u00a0Regina, La Cerva, di Lorenzo Naia e Andrea\u00a0 Scoppetta \u00e8 solidale e sostenibile.\u00a0 Solidale perch\u00e9 il ricavato sar\u00e0 devoluto a favore dell&#8217;Ospedale [&hellip;]<\/p>\n","protected":false},"author":7,"featured_media":9420,"comment_status":"closed","ping_status":"closed","sticky":false,"template":"","format":"standard","meta":{"footnotes":""},"categories":[99,100],"tags":[],"class_list":["post-9418","post","type-post","status-publish","format-standard","has-post-thumbnail","hentry","category-archivio","category-eventi-e-news"],"yoast_head":"<!-- This site is optimized with the Yoast SEO plugin v27.3 - https:\/\/yoast.com\/product\/yoast-seo-wordpress\/ -->\n<title>Natale di Solidariet\u00e0 e aiuto per l&#039;Ambiente - ProLoco Altessano Venaria<\/title>\n<meta name=\"robots\" content=\"index, follow, max-snippet:-1, max-image-preview:large, max-video-preview:-1\" \/>\n<link rel=\"canonical\" href=\"https:\/\/www.prolocoaltessanovenaria.eu\/sito\/natale-di-solidarieta\/\" \/>\n<meta property=\"og:locale\" content=\"it_IT\" \/>\n<meta property=\"og:type\" content=\"article\" \/>\n<meta property=\"og:title\" content=\"Natale di Solidariet\u00e0 e aiuto per l&#039;Ambiente - ProLoco Altessano Venaria\" \/>\n<meta property=\"og:description\" content=\"Solidariet\u00e0 e Sostenibilit\u00e0 sono due temi di grande attualit\u00e0 che il comune di Venaria Reale ha voluto coniugare con il progetto IMMAGINARIA 2021. La borsa personalizzata con il tema di IMMAGINARIA e del libro\u00a0Regina, La Cerva, di Lorenzo Naia e Andrea\u00a0 Scoppetta \u00e8 solidale e sostenibile.\u00a0 Solidale perch\u00e9 il ricavato sar\u00e0 devoluto a favore dell&#8217;Ospedale [&hellip;]\" \/>\n<meta property=\"og:url\" content=\"https:\/\/www.prolocoaltessanovenaria.eu\/sito\/natale-di-solidarieta\/\" \/>\n<meta property=\"og:site_name\" content=\"ProLoco Altessano Venaria\" \/>\n<meta property=\"article:publisher\" content=\"https:\/\/www.facebook.com\/Associazione-Turistica-Pro-Loco-Altessano-Venaria-Reale-1412029292342779\/\" \/>\n<meta property=\"article:published_time\" content=\"2021-12-16T10:06:20+00:00\" \/>\n<meta property=\"article:modified_time\" content=\"2021-12-16T10:06:56+00:00\" \/>\n<meta property=\"og:image\" content=\"https:\/\/www.prolocoaltessanovenaria.eu\/sito\/wp-content\/uploads\/2021\/12\/evidenza-immaginaria-solidarieta-1024x683.png\" \/>\n\t<meta property=\"og:image:width\" content=\"1024\" \/>\n\t<meta property=\"og:image:height\" content=\"683\" \/>\n\t<meta property=\"og:image:type\" content=\"image\/png\" \/>\n<meta name=\"author\" content=\"redazione\" \/>\n<meta name=\"twitter:card\" content=\"summary_large_image\" \/>\n<meta name=\"twitter:label1\" content=\"Scritto da\" \/>\n\t<meta name=\"twitter:data1\" content=\"redazione\" \/>\n\t<meta name=\"twitter:label2\" content=\"Tempo di lettura stimato\" \/>\n\t<meta name=\"twitter:data2\" content=\"1 minuto\" \/>\n<script type=\"application\/ld+json\" class=\"yoast-schema-graph\">{\"@context\":\"https:\\\/\\\/schema.org\",\"@graph\":[{\"@type\":\"Article\",\"@id\":\"https:\\\/\\\/www.prolocoaltessanovenaria.eu\\\/sito\\\/natale-di-solidarieta\\\/#article\",\"isPartOf\":{\"@id\":\"https:\\\/\\\/www.prolocoaltessanovenaria.eu\\\/sito\\\/natale-di-solidarieta\\\/\"},\"author\":{\"name\":\"redazione\",\"@id\":\"https:\\\/\\\/www.prolocoaltessanovenaria.eu\\\/sito\\\/#\\\/schema\\\/person\\\/68a7d7a6eb0ced6ed31a0d455116b62b\"},\"headline\":\"Natale di Solidariet\u00e0 e aiuto per l&#8217;Ambiente\",\"datePublished\":\"2021-12-16T10:06:20+00:00\",\"dateModified\":\"2021-12-16T10:06:56+00:00\",\"mainEntityOfPage\":{\"@id\":\"https:\\\/\\\/www.prolocoaltessanovenaria.eu\\\/sito\\\/natale-di-solidarieta\\\/\"},\"wordCount\":168,\"publisher\":{\"@id\":\"https:\\\/\\\/www.prolocoaltessanovenaria.eu\\\/sito\\\/#organization\"},\"image\":{\"@id\":\"https:\\\/\\\/www.prolocoaltessanovenaria.eu\\\/sito\\\/natale-di-solidarieta\\\/#primaryimage\"},\"thumbnailUrl\":\"https:\\\/\\\/www.prolocoaltessanovenaria.eu\\\/sito\\\/wp-content\\\/uploads\\\/2021\\\/12\\\/evidenza-immaginaria-solidarieta.png\",\"articleSection\":[\"Archivio\",\"eventi e news\"],\"inLanguage\":\"it-IT\"},{\"@type\":\"WebPage\",\"@id\":\"https:\\\/\\\/www.prolocoaltessanovenaria.eu\\\/sito\\\/natale-di-solidarieta\\\/\",\"url\":\"https:\\\/\\\/www.prolocoaltessanovenaria.eu\\\/sito\\\/natale-di-solidarieta\\\/\",\"name\":\"Natale di Solidariet\u00e0 e aiuto per l'Ambiente - ProLoco Altessano Venaria\",\"isPartOf\":{\"@id\":\"https:\\\/\\\/www.prolocoaltessanovenaria.eu\\\/sito\\\/#website\"},\"primaryImageOfPage\":{\"@id\":\"https:\\\/\\\/www.prolocoaltessanovenaria.eu\\\/sito\\\/natale-di-solidarieta\\\/#primaryimage\"},\"image\":{\"@id\":\"https:\\\/\\\/www.prolocoaltessanovenaria.eu\\\/sito\\\/natale-di-solidarieta\\\/#primaryimage\"},\"thumbnailUrl\":\"https:\\\/\\\/www.prolocoaltessanovenaria.eu\\\/sito\\\/wp-content\\\/uploads\\\/2021\\\/12\\\/evidenza-immaginaria-solidarieta.png\",\"datePublished\":\"2021-12-16T10:06:20+00:00\",\"dateModified\":\"2021-12-16T10:06:56+00:00\",\"breadcrumb\":{\"@id\":\"https:\\\/\\\/www.prolocoaltessanovenaria.eu\\\/sito\\\/natale-di-solidarieta\\\/#breadcrumb\"},\"inLanguage\":\"it-IT\",\"potentialAction\":[{\"@type\":\"ReadAction\",\"target\":[\"https:\\\/\\\/www.prolocoaltessanovenaria.eu\\\/sito\\\/natale-di-solidarieta\\\/\"]}]},{\"@type\":\"ImageObject\",\"inLanguage\":\"it-IT\",\"@id\":\"https:\\\/\\\/www.prolocoaltessanovenaria.eu\\\/sito\\\/natale-di-solidarieta\\\/#primaryimage\",\"url\":\"https:\\\/\\\/www.prolocoaltessanovenaria.eu\\\/sito\\\/wp-content\\\/uploads\\\/2021\\\/12\\\/evidenza-immaginaria-solidarieta.png\",\"contentUrl\":\"https:\\\/\\\/www.prolocoaltessanovenaria.eu\\\/sito\\\/wp-content\\\/uploads\\\/2021\\\/12\\\/evidenza-immaginaria-solidarieta.png\",\"width\":2195,\"height\":1463},{\"@type\":\"BreadcrumbList\",\"@id\":\"https:\\\/\\\/www.prolocoaltessanovenaria.eu\\\/sito\\\/natale-di-solidarieta\\\/#breadcrumb\",\"itemListElement\":[{\"@type\":\"ListItem\",\"position\":1,\"name\":\"Home\",\"item\":\"https:\\\/\\\/www.prolocoaltessanovenaria.eu\\\/sito\\\/\"},{\"@type\":\"ListItem\",\"position\":2,\"name\":\"Natale di Solidariet\u00e0 e aiuto per l&#8217;Ambiente\"}]},{\"@type\":\"WebSite\",\"@id\":\"https:\\\/\\\/www.prolocoaltessanovenaria.eu\\\/sito\\\/#website\",\"url\":\"https:\\\/\\\/www.prolocoaltessanovenaria.eu\\\/sito\\\/\",\"name\":\"ProLoco Altessano Venaria\",\"description\":\"Associazione Turistica ProLoco Altessano Venaria\",\"publisher\":{\"@id\":\"https:\\\/\\\/www.prolocoaltessanovenaria.eu\\\/sito\\\/#organization\"},\"potentialAction\":[{\"@type\":\"SearchAction\",\"target\":{\"@type\":\"EntryPoint\",\"urlTemplate\":\"https:\\\/\\\/www.prolocoaltessanovenaria.eu\\\/sito\\\/?s={search_term_string}\"},\"query-input\":{\"@type\":\"PropertyValueSpecification\",\"valueRequired\":true,\"valueName\":\"search_term_string\"}}],\"inLanguage\":\"it-IT\"},{\"@type\":\"Organization\",\"@id\":\"https:\\\/\\\/www.prolocoaltessanovenaria.eu\\\/sito\\\/#organization\",\"name\":\"ProLoco Altessano Venaria\",\"url\":\"https:\\\/\\\/www.prolocoaltessanovenaria.eu\\\/sito\\\/\",\"logo\":{\"@type\":\"ImageObject\",\"inLanguage\":\"it-IT\",\"@id\":\"https:\\\/\\\/www.prolocoaltessanovenaria.eu\\\/sito\\\/#\\\/schema\\\/logo\\\/image\\\/\",\"url\":\"https:\\\/\\\/www.prolocoaltessanovenaria.eu\\\/sito\\\/wp-content\\\/uploads\\\/2015\\\/03\\\/losanga-logo-pro-loco.png\",\"contentUrl\":\"https:\\\/\\\/www.prolocoaltessanovenaria.eu\\\/sito\\\/wp-content\\\/uploads\\\/2015\\\/03\\\/losanga-logo-pro-loco.png\",\"width\":643,\"height\":143,\"caption\":\"ProLoco Altessano Venaria\"},\"image\":{\"@id\":\"https:\\\/\\\/www.prolocoaltessanovenaria.eu\\\/sito\\\/#\\\/schema\\\/logo\\\/image\\\/\"},\"sameAs\":[\"https:\\\/\\\/www.facebook.com\\\/Associazione-Turistica-Pro-Loco-Altessano-Venaria-Reale-1412029292342779\\\/\",\"https:\\\/\\\/www.instagram.com\\\/proloco_altessano_venaria\\\/\"]},{\"@type\":\"Person\",\"@id\":\"https:\\\/\\\/www.prolocoaltessanovenaria.eu\\\/sito\\\/#\\\/schema\\\/person\\\/68a7d7a6eb0ced6ed31a0d455116b62b\",\"name\":\"redazione\",\"url\":\"https:\\\/\\\/www.prolocoaltessanovenaria.eu\\\/sito\\\/author\\\/redazione\\\/\"}]}<\/script>\n<!-- \/ Yoast SEO plugin. -->","yoast_head_json":{"title":"Natale di Solidariet\u00e0 e aiuto per l'Ambiente - ProLoco Altessano Venaria","robots":{"index":"index","follow":"follow","max-snippet":"max-snippet:-1","max-image-preview":"max-image-preview:large","max-video-preview":"max-video-preview:-1"},"canonical":"https:\/\/www.prolocoaltessanovenaria.eu\/sito\/natale-di-solidarieta\/","og_locale":"it_IT","og_type":"article","og_title":"Natale di Solidariet\u00e0 e aiuto per l'Ambiente - ProLoco Altessano Venaria","og_description":"Solidariet\u00e0 e Sostenibilit\u00e0 sono due temi di grande attualit\u00e0 che il comune di Venaria Reale ha voluto coniugare con il progetto IMMAGINARIA 2021. La borsa personalizzata con il tema di IMMAGINARIA e del libro\u00a0Regina, La Cerva, di Lorenzo Naia e Andrea\u00a0 Scoppetta \u00e8 solidale e sostenibile.\u00a0 Solidale perch\u00e9 il ricavato sar\u00e0 devoluto a favore dell&#8217;Ospedale [&hellip;]","og_url":"https:\/\/www.prolocoaltessanovenaria.eu\/sito\/natale-di-solidarieta\/","og_site_name":"ProLoco Altessano Venaria","article_publisher":"https:\/\/www.facebook.com\/Associazione-Turistica-Pro-Loco-Altessano-Venaria-Reale-1412029292342779\/","article_published_time":"2021-12-16T10:06:20+00:00","article_modified_time":"2021-12-16T10:06:56+00:00","og_image":[{"width":1024,"height":683,"url":"https:\/\/www.prolocoaltessanovenaria.eu\/sito\/wp-content\/uploads\/2021\/12\/evidenza-immaginaria-solidarieta-1024x683.png","type":"image\/png"}],"author":"redazione","twitter_card":"summary_large_image","twitter_misc":{"Scritto da":"redazione","Tempo di lettura stimato":"1 minuto"},"schema":{"@context":"https:\/\/schema.org","@graph":[{"@type":"Article","@id":"https:\/\/www.prolocoaltessanovenaria.eu\/sito\/natale-di-solidarieta\/#article","isPartOf":{"@id":"https:\/\/www.prolocoaltessanovenaria.eu\/sito\/natale-di-solidarieta\/"},"author":{"name":"redazione","@id":"https:\/\/www.prolocoaltessanovenaria.eu\/sito\/#\/schema\/person\/68a7d7a6eb0ced6ed31a0d455116b62b"},"headline":"Natale di Solidariet\u00e0 e aiuto per l&#8217;Ambiente","datePublished":"2021-12-16T10:06:20+00:00","dateModified":"2021-12-16T10:06:56+00:00","mainEntityOfPage":{"@id":"https:\/\/www.prolocoaltessanovenaria.eu\/sito\/natale-di-solidarieta\/"},"wordCount":168,"publisher":{"@id":"https:\/\/www.prolocoaltessanovenaria.eu\/sito\/#organization"},"image":{"@id":"https:\/\/www.prolocoaltessanovenaria.eu\/sito\/natale-di-solidarieta\/#primaryimage"},"thumbnailUrl":"https:\/\/www.prolocoaltessanovenaria.eu\/sito\/wp-content\/uploads\/2021\/12\/evidenza-immaginaria-solidarieta.png","articleSection":["Archivio","eventi e news"],"inLanguage":"it-IT"},{"@type":"WebPage","@id":"https:\/\/www.prolocoaltessanovenaria.eu\/sito\/natale-di-solidarieta\/","url":"https:\/\/www.prolocoaltessanovenaria.eu\/sito\/natale-di-solidarieta\/","name":"Natale di Solidariet\u00e0 e aiuto per l'Ambiente - ProLoco Altessano Venaria","isPartOf":{"@id":"https:\/\/www.prolocoaltessanovenaria.eu\/sito\/#website"},"primaryImageOfPage":{"@id":"https:\/\/www.prolocoaltessanovenaria.eu\/sito\/natale-di-solidarieta\/#primaryimage"},"image":{"@id":"https:\/\/www.prolocoaltessanovenaria.eu\/sito\/natale-di-solidarieta\/#primaryimage"},"thumbnailUrl":"https:\/\/www.prolocoaltessanovenaria.eu\/sito\/wp-content\/uploads\/2021\/12\/evidenza-immaginaria-solidarieta.png","datePublished":"2021-12-16T10:06:20+00:00","dateModified":"2021-12-16T10:06:56+00:00","breadcrumb":{"@id":"https:\/\/www.prolocoaltessanovenaria.eu\/sito\/natale-di-solidarieta\/#breadcrumb"},"inLanguage":"it-IT","potentialAction":[{"@type":"ReadAction","target":["https:\/\/www.prolocoaltessanovenaria.eu\/sito\/natale-di-solidarieta\/"]}]},{"@type":"ImageObject","inLanguage":"it-IT","@id":"https:\/\/www.prolocoaltessanovenaria.eu\/sito\/natale-di-solidarieta\/#primaryimage","url":"https:\/\/www.prolocoaltessanovenaria.eu\/sito\/wp-content\/uploads\/2021\/12\/evidenza-immaginaria-solidarieta.png","contentUrl":"https:\/\/www.prolocoaltessanovenaria.eu\/sito\/wp-content\/uploads\/2021\/12\/evidenza-immaginaria-solidarieta.png","width":2195,"height":1463},{"@type":"BreadcrumbList","@id":"https:\/\/www.prolocoaltessanovenaria.eu\/sito\/natale-di-solidarieta\/#breadcrumb","itemListElement":[{"@type":"ListItem","position":1,"name":"Home","item":"https:\/\/www.prolocoaltessanovenaria.eu\/sito\/"},{"@type":"ListItem","position":2,"name":"Natale di Solidariet\u00e0 e aiuto per l&#8217;Ambiente"}]},{"@type":"WebSite","@id":"https:\/\/www.prolocoaltessanovenaria.eu\/sito\/#website","url":"https:\/\/www.prolocoaltessanovenaria.eu\/sito\/","name":"ProLoco Altessano Venaria","description":"Associazione Turistica ProLoco Altessano Venaria","publisher":{"@id":"https:\/\/www.prolocoaltessanovenaria.eu\/sito\/#organization"},"potentialAction":[{"@type":"SearchAction","target":{"@type":"EntryPoint","urlTemplate":"https:\/\/www.prolocoaltessanovenaria.eu\/sito\/?s={search_term_string}"},"query-input":{"@type":"PropertyValueSpecification","valueRequired":true,"valueName":"search_term_string"}}],"inLanguage":"it-IT"},{"@type":"Organization","@id":"https:\/\/www.prolocoaltessanovenaria.eu\/sito\/#organization","name":"ProLoco Altessano Venaria","url":"https:\/\/www.prolocoaltessanovenaria.eu\/sito\/","logo":{"@type":"ImageObject","inLanguage":"it-IT","@id":"https:\/\/www.prolocoaltessanovenaria.eu\/sito\/#\/schema\/logo\/image\/","url":"https:\/\/www.prolocoaltessanovenaria.eu\/sito\/wp-content\/uploads\/2015\/03\/losanga-logo-pro-loco.png","contentUrl":"https:\/\/www.prolocoaltessanovenaria.eu\/sito\/wp-content\/uploads\/2015\/03\/losanga-logo-pro-loco.png","width":643,"height":143,"caption":"ProLoco Altessano Venaria"},"image":{"@id":"https:\/\/www.prolocoaltessanovenaria.eu\/sito\/#\/schema\/logo\/image\/"},"sameAs":["https:\/\/www.facebook.com\/Associazione-Turistica-Pro-Loco-Altessano-Venaria-Reale-1412029292342779\/","https:\/\/www.instagram.com\/proloco_altessano_venaria\/"]},{"@type":"Person","@id":"https:\/\/www.prolocoaltessanovenaria.eu\/sito\/#\/schema\/person\/68a7d7a6eb0ced6ed31a0d455116b62b","name":"redazione","url":"https:\/\/www.prolocoaltessanovenaria.eu\/sito\/author\/redazione\/"}]}},"_links":{"self":[{"href":"https:\/\/www.prolocoaltessanovenaria.eu\/sito\/wp-json\/wp\/v2\/posts\/9418","targetHints":{"allow":["GET"]}}],"collection":[{"href":"https:\/\/www.prolocoaltessanovenaria.eu\/sito\/wp-json\/wp\/v2\/posts"}],"about":[{"href":"https:\/\/www.prolocoaltessanovenaria.eu\/sito\/wp-json\/wp\/v2\/types\/post"}],"author":[{"embeddable":true,"href":"https:\/\/www.prolocoaltessanovenaria.eu\/sito\/wp-json\/wp\/v2\/users\/7"}],"replies":[{"embeddable":true,"href":"https:\/\/www.prolocoaltessanovenaria.eu\/sito\/wp-json\/wp\/v2\/comments?post=9418"}],"version-history":[{"count":3,"href":"https:\/\/www.prolocoaltessanovenaria.eu\/sito\/wp-json\/wp\/v2\/posts\/9418\/revisions"}],"predecessor-version":[{"id":9443,"href":"https:\/\/www.prolocoaltessanovenaria.eu\/sito\/wp-json\/wp\/v2\/posts\/9418\/revisions\/9443"}],"wp:featuredmedia":[{"embeddable":true,"href":"https:\/\/www.prolocoaltessanovenaria.eu\/sito\/wp-json\/wp\/v2\/media\/9420"}],"wp:attachment":[{"href":"https:\/\/www.prolocoaltessanovenaria.eu\/sito\/wp-json\/wp\/v2\/media?parent=9418"}],"wp:term":[{"taxonomy":"category","embeddable":true,"href":"https:\/\/www.prolocoaltessanovenaria.eu\/sito\/wp-json\/wp\/v2\/categories?post=9418"},{"taxonomy":"post_tag","embeddable":true,"href":"https:\/\/www.prolocoaltessanovenaria.eu\/sito\/wp-json\/wp\/v2\/tags?post=9418"}],"curies":[{"name":"wp","href":"https:\/\/api.w.org\/{rel}","templated":true}]}}