{"id":9742,"date":"2022-02-21T14:55:31","date_gmt":"2022-02-21T13:55:31","guid":{"rendered":"https:\/\/www.prolocoaltessanovenaria.eu\/sito\/?p=9742"},"modified":"2022-02-21T14:55:31","modified_gmt":"2022-02-21T13:55:31","slug":"44-real-carnevale-venariese","status":"publish","type":"post","link":"https:\/\/www.prolocoaltessanovenaria.eu\/sito\/44-real-carnevale-venariese\/","title":{"rendered":"44\u00b0 Real Carnevale Venariese"},"content":{"rendered":"<p><img fetchpriority=\"high\" decoding=\"async\" class=\"wp-image-9743 alignright\" src=\"https:\/\/www.prolocoaltessanovenaria.eu\/sito\/wp-content\/uploads\/2022\/02\/locandina-carnevale-2022-immagine-717x1024.jpg\" alt=\"\" width=\"508\" height=\"726\" srcset=\"https:\/\/www.prolocoaltessanovenaria.eu\/sito\/wp-content\/uploads\/2022\/02\/locandina-carnevale-2022-immagine-717x1024.jpg 717w, https:\/\/www.prolocoaltessanovenaria.eu\/sito\/wp-content\/uploads\/2022\/02\/locandina-carnevale-2022-immagine-210x300.jpg 210w, https:\/\/www.prolocoaltessanovenaria.eu\/sito\/wp-content\/uploads\/2022\/02\/locandina-carnevale-2022-immagine-768x1097.jpg 768w, https:\/\/www.prolocoaltessanovenaria.eu\/sito\/wp-content\/uploads\/2022\/02\/locandina-carnevale-2022-immagine-1075x1536.jpg 1075w, https:\/\/www.prolocoaltessanovenaria.eu\/sito\/wp-content\/uploads\/2022\/02\/locandina-carnevale-2022-immagine-1434x2048.jpg 1434w, https:\/\/www.prolocoaltessanovenaria.eu\/sito\/wp-content\/uploads\/2022\/02\/locandina-carnevale-2022-immagine-scaled.jpg 1792w\" sizes=\"(max-width: 508px) 100vw, 508px\" \/><\/p>\n<p style=\"text-align: justify;\">Questa settimana riparte il Real Carnevale Venariese!\u00a0<\/p>\n<p>Dopo un 2021 reso difficile dall&#8217;emergenza sanitaria abbiamo deciso di dare il meglio di noi per poter riportare questa grande tradizione nelle piazze e per le strade di Venaria Reale.\u00a0<\/p>\n<p style=\"text-align: justify;\"><strong>Sabato 26 febbraio<\/strong> alle ore 11.00 si terr\u00e0 l&#8217;annuale investitura ufficiale de &#8220;Il Lucio e la Castellana&#8221; e la consegna a questi storici personaggi delle Chiavi della Citt\u00e0 da parte del sindaco. L&#8217;evento si terr\u00e0 in Piazza Martiri della Libert\u00e0.\u00a0<\/p>\n<p style=\"text-align: justify;\"><strong>Domenica 27 febbraio<\/strong> sar\u00e0 una giornata piena di spettacolo, musica e giochi per tutte le et\u00e0. Dalle 10.00 non perdetevi il secondo appuntamento con <a href=\"https:\/\/www.prolocoaltessanovenaria.eu\/sito\/caccia-al-tesoro-caccia-al-reale\/\">Caccia al Reale<\/a>, la caccia al tesoro da noi organizzata in collaborazione con Scattavenaria.\u00a0<br \/>\nDalle 15.30 invece appuntamento in Piazza Pettiti per un pomeriggio di divertimento ed allegria insieme a &#8220;I Tre&#8230;Mendi&#8221;, al Corpo Musicale Giuseppe Verdi di Venaria, al nostro Gruppo Storico Conti di Cremieu, agli Alfieri Reali di Venaria ed agli Amici di Mappano.<\/p>\n<p style=\"text-align: justify;\">In qualsiasi momento durante i festeggiamenti passate presso la Sala Espositiva da noi gestita in Via A. Mensa 34 per &#8220;Disegna il tuo Carnevale&#8221;, la galleria di disegni degli alunni ed alunne delle scuole di Venaria: Romero, Gramsci e Rigola. La mostra sar\u00e0 aperta tutti i giorni dalle 10.00 alle 12.00 e dalle 15.00 alle 18.oo. Per l&#8217;ingresso sar\u00e0 richiesta certificazione verde rinforzata. \u00a0<\/p>\n<p style=\"text-align: justify;\">\u00a0<\/p>\n","protected":false},"excerpt":{"rendered":"<p>Questa settimana riparte il Real Carnevale Venariese!\u00a0 Dopo un 2021 reso difficile dall&#8217;emergenza sanitaria abbiamo deciso di dare il meglio di noi per poter riportare questa grande tradizione nelle piazze e per le strade di Venaria Reale.\u00a0 Sabato 26 febbraio alle ore 11.00 si terr\u00e0 l&#8217;annuale investitura ufficiale de &#8220;Il Lucio e la Castellana&#8221; e [&hellip;]<\/p>\n","protected":false},"author":7,"featured_media":9745,"comment_status":"closed","ping_status":"closed","sticky":false,"template":"","format":"standard","meta":{"footnotes":""},"categories":[99,100],"tags":[],"class_list":["post-9742","post","type-post","status-publish","format-standard","has-post-thumbnail","hentry","category-archivio","category-eventi-e-news"],"yoast_head":"<!-- This site is optimized with the Yoast SEO plugin v27.3 - https:\/\/yoast.com\/product\/yoast-seo-wordpress\/ -->\n<title>44\u00b0 Real Carnevale Venariese - ProLoco Altessano Venaria<\/title>\n<meta name=\"robots\" content=\"index, follow, max-snippet:-1, max-image-preview:large, max-video-preview:-1\" \/>\n<link rel=\"canonical\" href=\"https:\/\/www.prolocoaltessanovenaria.eu\/sito\/44-real-carnevale-venariese\/\" \/>\n<meta property=\"og:locale\" content=\"it_IT\" \/>\n<meta property=\"og:type\" content=\"article\" \/>\n<meta property=\"og:title\" content=\"44\u00b0 Real Carnevale Venariese - ProLoco Altessano Venaria\" \/>\n<meta property=\"og:description\" content=\"Questa settimana riparte il Real Carnevale Venariese!\u00a0 Dopo un 2021 reso difficile dall&#8217;emergenza sanitaria abbiamo deciso di dare il meglio di noi per poter riportare questa grande tradizione nelle piazze e per le strade di Venaria Reale.\u00a0 Sabato 26 febbraio alle ore 11.00 si terr\u00e0 l&#8217;annuale investitura ufficiale de &#8220;Il Lucio e la Castellana&#8221; e [&hellip;]\" \/>\n<meta property=\"og:url\" content=\"https:\/\/www.prolocoaltessanovenaria.eu\/sito\/44-real-carnevale-venariese\/\" \/>\n<meta property=\"og:site_name\" content=\"ProLoco Altessano Venaria\" \/>\n<meta property=\"article:publisher\" content=\"https:\/\/www.facebook.com\/Associazione-Turistica-Pro-Loco-Altessano-Venaria-Reale-1412029292342779\/\" \/>\n<meta property=\"article:published_time\" content=\"2022-02-21T13:55:31+00:00\" \/>\n<meta property=\"og:image\" content=\"https:\/\/www.prolocoaltessanovenaria.eu\/sito\/wp-content\/uploads\/2022\/02\/evidenza-carnevale.png\" \/>\n\t<meta property=\"og:image:width\" content=\"540\" \/>\n\t<meta property=\"og:image:height\" content=\"360\" \/>\n\t<meta property=\"og:image:type\" content=\"image\/png\" \/>\n<meta name=\"author\" content=\"redazione\" \/>\n<meta name=\"twitter:card\" content=\"summary_large_image\" \/>\n<meta name=\"twitter:label1\" content=\"Scritto da\" \/>\n\t<meta name=\"twitter:data1\" content=\"redazione\" \/>\n\t<meta name=\"twitter:label2\" content=\"Tempo di lettura stimato\" \/>\n\t<meta name=\"twitter:data2\" content=\"1 minuto\" \/>\n<script type=\"application\/ld+json\" class=\"yoast-schema-graph\">{\"@context\":\"https:\\\/\\\/schema.org\",\"@graph\":[{\"@type\":\"Article\",\"@id\":\"https:\\\/\\\/www.prolocoaltessanovenaria.eu\\\/sito\\\/44-real-carnevale-venariese\\\/#article\",\"isPartOf\":{\"@id\":\"https:\\\/\\\/www.prolocoaltessanovenaria.eu\\\/sito\\\/44-real-carnevale-venariese\\\/\"},\"author\":{\"name\":\"redazione\",\"@id\":\"https:\\\/\\\/www.prolocoaltessanovenaria.eu\\\/sito\\\/#\\\/schema\\\/person\\\/68a7d7a6eb0ced6ed31a0d455116b62b\"},\"headline\":\"44\u00b0 Real Carnevale Venariese\",\"datePublished\":\"2022-02-21T13:55:31+00:00\",\"mainEntityOfPage\":{\"@id\":\"https:\\\/\\\/www.prolocoaltessanovenaria.eu\\\/sito\\\/44-real-carnevale-venariese\\\/\"},\"wordCount\":218,\"publisher\":{\"@id\":\"https:\\\/\\\/www.prolocoaltessanovenaria.eu\\\/sito\\\/#organization\"},\"image\":{\"@id\":\"https:\\\/\\\/www.prolocoaltessanovenaria.eu\\\/sito\\\/44-real-carnevale-venariese\\\/#primaryimage\"},\"thumbnailUrl\":\"https:\\\/\\\/www.prolocoaltessanovenaria.eu\\\/sito\\\/wp-content\\\/uploads\\\/2022\\\/02\\\/evidenza-carnevale.png\",\"articleSection\":[\"Archivio\",\"eventi e news\"],\"inLanguage\":\"it-IT\"},{\"@type\":\"WebPage\",\"@id\":\"https:\\\/\\\/www.prolocoaltessanovenaria.eu\\\/sito\\\/44-real-carnevale-venariese\\\/\",\"url\":\"https:\\\/\\\/www.prolocoaltessanovenaria.eu\\\/sito\\\/44-real-carnevale-venariese\\\/\",\"name\":\"44\u00b0 Real Carnevale Venariese - ProLoco Altessano Venaria\",\"isPartOf\":{\"@id\":\"https:\\\/\\\/www.prolocoaltessanovenaria.eu\\\/sito\\\/#website\"},\"primaryImageOfPage\":{\"@id\":\"https:\\\/\\\/www.prolocoaltessanovenaria.eu\\\/sito\\\/44-real-carnevale-venariese\\\/#primaryimage\"},\"image\":{\"@id\":\"https:\\\/\\\/www.prolocoaltessanovenaria.eu\\\/sito\\\/44-real-carnevale-venariese\\\/#primaryimage\"},\"thumbnailUrl\":\"https:\\\/\\\/www.prolocoaltessanovenaria.eu\\\/sito\\\/wp-content\\\/uploads\\\/2022\\\/02\\\/evidenza-carnevale.png\",\"datePublished\":\"2022-02-21T13:55:31+00:00\",\"breadcrumb\":{\"@id\":\"https:\\\/\\\/www.prolocoaltessanovenaria.eu\\\/sito\\\/44-real-carnevale-venariese\\\/#breadcrumb\"},\"inLanguage\":\"it-IT\",\"potentialAction\":[{\"@type\":\"ReadAction\",\"target\":[\"https:\\\/\\\/www.prolocoaltessanovenaria.eu\\\/sito\\\/44-real-carnevale-venariese\\\/\"]}]},{\"@type\":\"ImageObject\",\"inLanguage\":\"it-IT\",\"@id\":\"https:\\\/\\\/www.prolocoaltessanovenaria.eu\\\/sito\\\/44-real-carnevale-venariese\\\/#primaryimage\",\"url\":\"https:\\\/\\\/www.prolocoaltessanovenaria.eu\\\/sito\\\/wp-content\\\/uploads\\\/2022\\\/02\\\/evidenza-carnevale.png\",\"contentUrl\":\"https:\\\/\\\/www.prolocoaltessanovenaria.eu\\\/sito\\\/wp-content\\\/uploads\\\/2022\\\/02\\\/evidenza-carnevale.png\",\"width\":540,\"height\":360},{\"@type\":\"BreadcrumbList\",\"@id\":\"https:\\\/\\\/www.prolocoaltessanovenaria.eu\\\/sito\\\/44-real-carnevale-venariese\\\/#breadcrumb\",\"itemListElement\":[{\"@type\":\"ListItem\",\"position\":1,\"name\":\"Home\",\"item\":\"https:\\\/\\\/www.prolocoaltessanovenaria.eu\\\/sito\\\/\"},{\"@type\":\"ListItem\",\"position\":2,\"name\":\"44\u00b0 Real Carnevale Venariese\"}]},{\"@type\":\"WebSite\",\"@id\":\"https:\\\/\\\/www.prolocoaltessanovenaria.eu\\\/sito\\\/#website\",\"url\":\"https:\\\/\\\/www.prolocoaltessanovenaria.eu\\\/sito\\\/\",\"name\":\"ProLoco Altessano Venaria\",\"description\":\"Associazione Turistica ProLoco Altessano Venaria\",\"publisher\":{\"@id\":\"https:\\\/\\\/www.prolocoaltessanovenaria.eu\\\/sito\\\/#organization\"},\"potentialAction\":[{\"@type\":\"SearchAction\",\"target\":{\"@type\":\"EntryPoint\",\"urlTemplate\":\"https:\\\/\\\/www.prolocoaltessanovenaria.eu\\\/sito\\\/?s={search_term_string}\"},\"query-input\":{\"@type\":\"PropertyValueSpecification\",\"valueRequired\":true,\"valueName\":\"search_term_string\"}}],\"inLanguage\":\"it-IT\"},{\"@type\":\"Organization\",\"@id\":\"https:\\\/\\\/www.prolocoaltessanovenaria.eu\\\/sito\\\/#organization\",\"name\":\"ProLoco Altessano Venaria\",\"url\":\"https:\\\/\\\/www.prolocoaltessanovenaria.eu\\\/sito\\\/\",\"logo\":{\"@type\":\"ImageObject\",\"inLanguage\":\"it-IT\",\"@id\":\"https:\\\/\\\/www.prolocoaltessanovenaria.eu\\\/sito\\\/#\\\/schema\\\/logo\\\/image\\\/\",\"url\":\"https:\\\/\\\/www.prolocoaltessanovenaria.eu\\\/sito\\\/wp-content\\\/uploads\\\/2015\\\/03\\\/losanga-logo-pro-loco.png\",\"contentUrl\":\"https:\\\/\\\/www.prolocoaltessanovenaria.eu\\\/sito\\\/wp-content\\\/uploads\\\/2015\\\/03\\\/losanga-logo-pro-loco.png\",\"width\":643,\"height\":143,\"caption\":\"ProLoco Altessano Venaria\"},\"image\":{\"@id\":\"https:\\\/\\\/www.prolocoaltessanovenaria.eu\\\/sito\\\/#\\\/schema\\\/logo\\\/image\\\/\"},\"sameAs\":[\"https:\\\/\\\/www.facebook.com\\\/Associazione-Turistica-Pro-Loco-Altessano-Venaria-Reale-1412029292342779\\\/\",\"https:\\\/\\\/www.instagram.com\\\/proloco_altessano_venaria\\\/\"]},{\"@type\":\"Person\",\"@id\":\"https:\\\/\\\/www.prolocoaltessanovenaria.eu\\\/sito\\\/#\\\/schema\\\/person\\\/68a7d7a6eb0ced6ed31a0d455116b62b\",\"name\":\"redazione\",\"url\":\"https:\\\/\\\/www.prolocoaltessanovenaria.eu\\\/sito\\\/author\\\/redazione\\\/\"}]}<\/script>\n<!-- \/ Yoast SEO plugin. -->","yoast_head_json":{"title":"44\u00b0 Real Carnevale Venariese - ProLoco Altessano Venaria","robots":{"index":"index","follow":"follow","max-snippet":"max-snippet:-1","max-image-preview":"max-image-preview:large","max-video-preview":"max-video-preview:-1"},"canonical":"https:\/\/www.prolocoaltessanovenaria.eu\/sito\/44-real-carnevale-venariese\/","og_locale":"it_IT","og_type":"article","og_title":"44\u00b0 Real Carnevale Venariese - ProLoco Altessano Venaria","og_description":"Questa settimana riparte il Real Carnevale Venariese!\u00a0 Dopo un 2021 reso difficile dall&#8217;emergenza sanitaria abbiamo deciso di dare il meglio di noi per poter riportare questa grande tradizione nelle piazze e per le strade di Venaria Reale.\u00a0 Sabato 26 febbraio alle ore 11.00 si terr\u00e0 l&#8217;annuale investitura ufficiale de &#8220;Il Lucio e la Castellana&#8221; e [&hellip;]","og_url":"https:\/\/www.prolocoaltessanovenaria.eu\/sito\/44-real-carnevale-venariese\/","og_site_name":"ProLoco Altessano Venaria","article_publisher":"https:\/\/www.facebook.com\/Associazione-Turistica-Pro-Loco-Altessano-Venaria-Reale-1412029292342779\/","article_published_time":"2022-02-21T13:55:31+00:00","og_image":[{"width":540,"height":360,"url":"https:\/\/www.prolocoaltessanovenaria.eu\/sito\/wp-content\/uploads\/2022\/02\/evidenza-carnevale.png","type":"image\/png"}],"author":"redazione","twitter_card":"summary_large_image","twitter_misc":{"Scritto da":"redazione","Tempo di lettura stimato":"1 minuto"},"schema":{"@context":"https:\/\/schema.org","@graph":[{"@type":"Article","@id":"https:\/\/www.prolocoaltessanovenaria.eu\/sito\/44-real-carnevale-venariese\/#article","isPartOf":{"@id":"https:\/\/www.prolocoaltessanovenaria.eu\/sito\/44-real-carnevale-venariese\/"},"author":{"name":"redazione","@id":"https:\/\/www.prolocoaltessanovenaria.eu\/sito\/#\/schema\/person\/68a7d7a6eb0ced6ed31a0d455116b62b"},"headline":"44\u00b0 Real Carnevale Venariese","datePublished":"2022-02-21T13:55:31+00:00","mainEntityOfPage":{"@id":"https:\/\/www.prolocoaltessanovenaria.eu\/sito\/44-real-carnevale-venariese\/"},"wordCount":218,"publisher":{"@id":"https:\/\/www.prolocoaltessanovenaria.eu\/sito\/#organization"},"image":{"@id":"https:\/\/www.prolocoaltessanovenaria.eu\/sito\/44-real-carnevale-venariese\/#primaryimage"},"thumbnailUrl":"https:\/\/www.prolocoaltessanovenaria.eu\/sito\/wp-content\/uploads\/2022\/02\/evidenza-carnevale.png","articleSection":["Archivio","eventi e news"],"inLanguage":"it-IT"},{"@type":"WebPage","@id":"https:\/\/www.prolocoaltessanovenaria.eu\/sito\/44-real-carnevale-venariese\/","url":"https:\/\/www.prolocoaltessanovenaria.eu\/sito\/44-real-carnevale-venariese\/","name":"44\u00b0 Real Carnevale Venariese - ProLoco Altessano Venaria","isPartOf":{"@id":"https:\/\/www.prolocoaltessanovenaria.eu\/sito\/#website"},"primaryImageOfPage":{"@id":"https:\/\/www.prolocoaltessanovenaria.eu\/sito\/44-real-carnevale-venariese\/#primaryimage"},"image":{"@id":"https:\/\/www.prolocoaltessanovenaria.eu\/sito\/44-real-carnevale-venariese\/#primaryimage"},"thumbnailUrl":"https:\/\/www.prolocoaltessanovenaria.eu\/sito\/wp-content\/uploads\/2022\/02\/evidenza-carnevale.png","datePublished":"2022-02-21T13:55:31+00:00","breadcrumb":{"@id":"https:\/\/www.prolocoaltessanovenaria.eu\/sito\/44-real-carnevale-venariese\/#breadcrumb"},"inLanguage":"it-IT","potentialAction":[{"@type":"ReadAction","target":["https:\/\/www.prolocoaltessanovenaria.eu\/sito\/44-real-carnevale-venariese\/"]}]},{"@type":"ImageObject","inLanguage":"it-IT","@id":"https:\/\/www.prolocoaltessanovenaria.eu\/sito\/44-real-carnevale-venariese\/#primaryimage","url":"https:\/\/www.prolocoaltessanovenaria.eu\/sito\/wp-content\/uploads\/2022\/02\/evidenza-carnevale.png","contentUrl":"https:\/\/www.prolocoaltessanovenaria.eu\/sito\/wp-content\/uploads\/2022\/02\/evidenza-carnevale.png","width":540,"height":360},{"@type":"BreadcrumbList","@id":"https:\/\/www.prolocoaltessanovenaria.eu\/sito\/44-real-carnevale-venariese\/#breadcrumb","itemListElement":[{"@type":"ListItem","position":1,"name":"Home","item":"https:\/\/www.prolocoaltessanovenaria.eu\/sito\/"},{"@type":"ListItem","position":2,"name":"44\u00b0 Real Carnevale Venariese"}]},{"@type":"WebSite","@id":"https:\/\/www.prolocoaltessanovenaria.eu\/sito\/#website","url":"https:\/\/www.prolocoaltessanovenaria.eu\/sito\/","name":"ProLoco Altessano Venaria","description":"Associazione Turistica ProLoco Altessano Venaria","publisher":{"@id":"https:\/\/www.prolocoaltessanovenaria.eu\/sito\/#organization"},"potentialAction":[{"@type":"SearchAction","target":{"@type":"EntryPoint","urlTemplate":"https:\/\/www.prolocoaltessanovenaria.eu\/sito\/?s={search_term_string}"},"query-input":{"@type":"PropertyValueSpecification","valueRequired":true,"valueName":"search_term_string"}}],"inLanguage":"it-IT"},{"@type":"Organization","@id":"https:\/\/www.prolocoaltessanovenaria.eu\/sito\/#organization","name":"ProLoco Altessano Venaria","url":"https:\/\/www.prolocoaltessanovenaria.eu\/sito\/","logo":{"@type":"ImageObject","inLanguage":"it-IT","@id":"https:\/\/www.prolocoaltessanovenaria.eu\/sito\/#\/schema\/logo\/image\/","url":"https:\/\/www.prolocoaltessanovenaria.eu\/sito\/wp-content\/uploads\/2015\/03\/losanga-logo-pro-loco.png","contentUrl":"https:\/\/www.prolocoaltessanovenaria.eu\/sito\/wp-content\/uploads\/2015\/03\/losanga-logo-pro-loco.png","width":643,"height":143,"caption":"ProLoco Altessano Venaria"},"image":{"@id":"https:\/\/www.prolocoaltessanovenaria.eu\/sito\/#\/schema\/logo\/image\/"},"sameAs":["https:\/\/www.facebook.com\/Associazione-Turistica-Pro-Loco-Altessano-Venaria-Reale-1412029292342779\/","https:\/\/www.instagram.com\/proloco_altessano_venaria\/"]},{"@type":"Person","@id":"https:\/\/www.prolocoaltessanovenaria.eu\/sito\/#\/schema\/person\/68a7d7a6eb0ced6ed31a0d455116b62b","name":"redazione","url":"https:\/\/www.prolocoaltessanovenaria.eu\/sito\/author\/redazione\/"}]}},"_links":{"self":[{"href":"https:\/\/www.prolocoaltessanovenaria.eu\/sito\/wp-json\/wp\/v2\/posts\/9742","targetHints":{"allow":["GET"]}}],"collection":[{"href":"https:\/\/www.prolocoaltessanovenaria.eu\/sito\/wp-json\/wp\/v2\/posts"}],"about":[{"href":"https:\/\/www.prolocoaltessanovenaria.eu\/sito\/wp-json\/wp\/v2\/types\/post"}],"author":[{"embeddable":true,"href":"https:\/\/www.prolocoaltessanovenaria.eu\/sito\/wp-json\/wp\/v2\/users\/7"}],"replies":[{"embeddable":true,"href":"https:\/\/www.prolocoaltessanovenaria.eu\/sito\/wp-json\/wp\/v2\/comments?post=9742"}],"version-history":[{"count":1,"href":"https:\/\/www.prolocoaltessanovenaria.eu\/sito\/wp-json\/wp\/v2\/posts\/9742\/revisions"}],"predecessor-version":[{"id":9744,"href":"https:\/\/www.prolocoaltessanovenaria.eu\/sito\/wp-json\/wp\/v2\/posts\/9742\/revisions\/9744"}],"wp:featuredmedia":[{"embeddable":true,"href":"https:\/\/www.prolocoaltessanovenaria.eu\/sito\/wp-json\/wp\/v2\/media\/9745"}],"wp:attachment":[{"href":"https:\/\/www.prolocoaltessanovenaria.eu\/sito\/wp-json\/wp\/v2\/media?parent=9742"}],"wp:term":[{"taxonomy":"category","embeddable":true,"href":"https:\/\/www.prolocoaltessanovenaria.eu\/sito\/wp-json\/wp\/v2\/categories?post=9742"},{"taxonomy":"post_tag","embeddable":true,"href":"https:\/\/www.prolocoaltessanovenaria.eu\/sito\/wp-json\/wp\/v2\/tags?post=9742"}],"curies":[{"name":"wp","href":"https:\/\/api.w.org\/{rel}","templated":true}]}}